{"id":1244,"date":"2024-10-31T20:00:09","date_gmt":"2024-10-31T23:00:09","guid":{"rendered":"https:\/\/nigroequipamentos.com.br\/conteudo\/descubra-a-potencia-da-empilhadeira-retratil-paletrans-alta-capacidade-para-o-seu-negocio\/"},"modified":"2024-10-31T20:00:09","modified_gmt":"2024-10-31T23:00:09","slug":"descubra-a-potencia-da-empilhadeira-retratil-paletrans-alta-capacidade-para-o-seu-negocio","status":"publish","type":"post","link":"https:\/\/nigroequipamentos.com.br\/conteudo\/descubra-a-potencia-da-empilhadeira-retratil-paletrans-alta-capacidade-para-o-seu-negocio\/","title":{"rendered":"Descubra a Pot\u00eancia da Empilhadeira Retr\u00e1til Paletrans: Alta Capacidade para o Seu Neg\u00f3cio"},"content":{"rendered":"<p><strong>Introdu\u00e7\u00e3o \u00e0 Empilhadeira Retr\u00e1til Paletrans<\/strong> <\/p>\n<p> A empilhadeira retr\u00e1til Paletrans vem ganhando destaque no mercado por sua alta capacidade e efici\u00eancia no manuseio e movimenta\u00e7\u00e3o de pallets. Empresas que buscam otimizar seus processos log\u00edsticos e aumentar a produtividade t\u00eam na Paletrans uma aliada essencial. Neste artigo, vamos explorar as caracter\u00edsticas e benef\u00edcios dessa empilhadeira, al\u00e9m de explicar como ela pode transformar suas opera\u00e7\u00f5es. <\/p>\n<p> <strong>Caracter\u00edsticas que Fazem a Diferen\u00e7a<\/strong> <\/p>\n<p> A empilhadeira retr\u00e1til Paletrans \u00e9 projetada com tecnologia de ponta que permite alt\u00edssimas capacidades de carga, podendo chegar at\u00e9 2.500 kg em modelos espec\u00edficos. Isso significa que, al\u00e9m de facilitar o manuseio de cargas pesadas, sua estrutura compacta e o design retr\u00e1til permitem acesso a espa\u00e7os reduzidos, tornando-a ideal para armaz\u00e9ns e centros de distribui\u00e7\u00e3o. <\/p>\n<p> Outro diferencial \u00e9 a altura de eleva\u00e7\u00e3o, que pode ultrapassar 10 metros, permitindo que a Paletrans otimize o espa\u00e7o vertical do seu armaz\u00e9m. Isso \u00e9 especialmente importante em opera\u00e7\u00f5es onde o espa\u00e7o \u00e9 escasso e cada metro quadrado conta. Al\u00e9m disso, a Paletrans \u00e9 equipada com sistemas de seguran\u00e7a avan\u00e7ados, garantindo a prote\u00e7\u00e3o dos operadores e a integridade das mercadorias. <\/p>\n<p> <strong>Benef\u00edcios da Utiliza\u00e7\u00e3o da Empilhadeira Retr\u00e1til Paletrans<\/strong> <\/p>\n<p> Um dos principais benef\u00edcios de utilizar a empilhadeira retr\u00e1til Paletrans \u00e9 a efici\u00eancia operacional. Com sua capacidade de carga e eleva\u00e7\u00e3o, as empresas conseguem movimentar mais produtos em menos tempo, reduzindo o tempo de opera\u00e7\u00e3o e aumentando a produtividade. <\/p>\n<p> Al\u00e9m disso, a manobrabilidade da Paletrans, mesmo em corredores estreitos, permite a maximiza\u00e7\u00e3o do espa\u00e7o, resultando em maior efici\u00eancia no armazenamento e no fluxo log\u00edstico. O que poderia ser um gargalo em opera\u00e7\u00f5es comuns, se torna uma vantagem competitiva quando se opta por essa empilhadeira. <\/p>\n<p> Tamb\u00e9m \u00e9 importante mencionar a versatilidade da Paletrans. Ela \u00e9 adequada para diversos segmentos, incluindo ind\u00fastria, varejo, e log\u00edstica, se adaptando facilmente \u00e0s necessidades espec\u00edficas de cada opera\u00e7\u00e3o. <\/p>\n<p> <strong>Casos de Sucesso com a Empilhadeira Retr\u00e1til Paletrans<\/strong> <\/p>\n<p> Muitas empresas que adotaram a empilhadeira retr\u00e1til Paletrans relataram melhorias significativas em sua log\u00edstica. Um caso emblem\u00e1tico \u00e9 de uma empresa de e-commerce que, ap\u00f3s implementar a Paletrans em seu armaz\u00e9m, aumentou em 30% a sua capacidade de armazenagem e reduziu o tempo de expedi\u00e7\u00e3o em at\u00e9 40%. <\/p>\n<p> Outro exemplo \u00e9 uma f\u00e1brica que, ao utilizar a Paletrans, conseguiu melhorar a efici\u00eancia em sua linha de produ\u00e7\u00e3o, permitindo a movimenta\u00e7\u00e3o de materiais pesados sem comprometer a seguran\u00e7a dos operadores. Esses s\u00e3o apenas alguns exemplos de como a Paletrans impactou positivamente diversas opera\u00e7\u00f5es. <\/p>\n<p> <strong>Nigro Equipamentos: Solu\u00e7\u00e3o Completa para Equipamentos de Manuseio<\/strong> <\/p>\n<p> Se voc\u00ea est\u00e1 em busca da empilhadeira retr\u00e1til Paletrans ou de outros equipamentos de manuseio, a Nigro Equipamentos \u00e9 a sua escolha certa. Com uma ampla gama de op\u00e7\u00f5es para venda e loca\u00e7\u00e3o, a Nigro \u00e9 uma empresa completa e hol\u00edstica que entende as necessidades do seu neg\u00f3cio e est\u00e1 pronta para oferecer as melhores solu\u00e7\u00f5es em equipamentos. <\/p>\n<p> Nossa equipe de especialistas est\u00e1 dispon\u00edvel para auxiliar na escolha do equipamento mais adequado, garantindo que sua opera\u00e7\u00e3o seja realizada com seguran\u00e7a e efici\u00eancia. Venha conhecer as solu\u00e7\u00f5es que a Nigro Equipamentos pode oferecer para levar sua log\u00edstica a um novo patamar! <BR><BR><br \/>\n________________________<\/p>\n<p><BR><BR><\/p>\n<p>Este conte\u00fado foi desenvolvido pela ag\u00eancia especialista em SEO <a href=\"https:\/\/elevenmind.com.br\/\" target=\"_blank\" rel=\"noopener\">Elevenmind<\/a><\/p>\n","protected":false},"excerpt":{"rendered":"<p>Introdu\u00e7\u00e3o \u00e0 Empilhadeira Retr\u00e1til Paletrans A empilhadeira retr\u00e1til Paletrans vem ganhando destaque no mercado por sua alta capacidade e efici\u00eancia no manuseio e movimenta\u00e7\u00e3o de pallets. Empresas que buscam otimizar seus processos log\u00edsticos e aumentar a produtividade t\u00eam na Paletrans uma aliada essencial. Neste artigo, vamos explorar as caracter\u00edsticas e benef\u00edcios dessa empilhadeira, al\u00e9m de&hellip;&nbsp;<a href=\"https:\/\/nigroequipamentos.com.br\/conteudo\/descubra-a-potencia-da-empilhadeira-retratil-paletrans-alta-capacidade-para-o-seu-negocio\/\" class=\"\" rel=\"bookmark\">Continue a ler &raquo;<span class=\"screen-reader-text\">Descubra a Pot\u00eancia da Empilhadeira Retr\u00e1til Paletrans: Alta Capacidade para o Seu Neg\u00f3cio<\/span><\/a><\/p>\n","protected":false},"author":1,"featured_media":17,"comment_status":"","ping_status":"open","sticky":false,"template":"","format":"standard","meta":{"_acf_changed":false,"_yoast_wpseo_focuskw":"Empilhadeira retr\u00e1til Paletrans alta capacidade","_yoast_wpseo_title":"Empilhadeira Retr\u00e1til Paletrans: Alta Capacidade para Sua Log\u00edstica","_yoast_wpseo_metadesc":"Descubra como a empilhadeira retr\u00e1til Paletrans pode otimizar a log\u00edstica da sua empresa, aumentando a capacidade de carga e a efici\u00eancia operacional.","neve_meta_sidebar":"","neve_meta_container":"","neve_meta_enable_content_width":"","neve_meta_content_width":0,"neve_meta_title_alignment":"","neve_meta_author_avatar":"","neve_post_elements_order":"","neve_meta_disable_header":"","neve_meta_disable_footer":"","neve_meta_disable_title":"","footnotes":""},"categories":[6],"tags":[],"class_list":["post-1244","post","type-post","status-publish","format-standard","has-post-thumbnail","hentry","category-paletrans"],"acf":[],"yoast_head":"<!-- This site is optimized with the Yoast SEO Premium plugin v18.3 (Yoast SEO v23.4) - https:\/\/yoast.com\/wordpress\/plugins\/seo\/ -->\n<title>Empilhadeira Retr\u00e1til Paletrans: Alta Capacidade para Sua Log\u00edstica<\/title>\n<meta name=\"description\" content=\"Descubra como a empilhadeira retr\u00e1til Paletrans pode otimizar a log\u00edstica da sua empresa, aumentando a capacidade de carga e a efici\u00eancia operacional.\" \/>\n<meta name=\"robots\" content=\"index, follow, max-snippet:-1, max-image-preview:large, max-video-preview:-1\" \/>\n<link rel=\"canonical\" href=\"https:\/\/nigroequipamentos.com.br\/conteudo\/descubra-a-potencia-da-empilhadeira-retratil-paletrans-alta-capacidade-para-o-seu-negocio\/\" \/>\n<meta property=\"og:locale\" content=\"pt_BR\" \/>\n<meta property=\"og:type\" content=\"article\" \/>\n<meta property=\"og:title\" content=\"Descubra a Pot\u00eancia da Empilhadeira Retr\u00e1til Paletrans: Alta Capacidade para o Seu Neg\u00f3cio\" \/>\n<meta property=\"og:description\" content=\"Descubra como a empilhadeira retr\u00e1til Paletrans pode otimizar a log\u00edstica da sua empresa, aumentando a capacidade de carga e a efici\u00eancia operacional.\" \/>\n<meta property=\"og:url\" content=\"https:\/\/nigroequipamentos.com.br\/conteudo\/descubra-a-potencia-da-empilhadeira-retratil-paletrans-alta-capacidade-para-o-seu-negocio\/\" \/>\n<meta property=\"og:site_name\" content=\"Nigro Equipamentos\" \/>\n<meta property=\"article:publisher\" content=\"https:\/\/www.facebook.com\/nigroequipamentos\" \/>\n<meta property=\"article:published_time\" content=\"2024-10-31T23:00:09+00:00\" \/>\n<meta property=\"og:image\" content=\"https:\/\/nigroequipamentos.com.br\/conteudo\/wp-content\/uploads\/2024\/10\/nigro-equipamentos.webp\" \/>\n\t<meta property=\"og:image:width\" content=\"1200\" \/>\n\t<meta property=\"og:image:height\" content=\"678\" \/>\n\t<meta property=\"og:image:type\" content=\"image\/webp\" \/>\n<meta name=\"author\" content=\"admin\" \/>\n<meta name=\"twitter:card\" content=\"summary_large_image\" \/>\n<meta name=\"twitter:label1\" content=\"Escrito por\" \/>\n\t<meta name=\"twitter:data1\" content=\"admin\" \/>\n\t<meta name=\"twitter:label2\" content=\"Est. tempo de leitura\" \/>\n\t<meta name=\"twitter:data2\" content=\"3 minutos\" \/>\n<script type=\"application\/ld+json\" class=\"yoast-schema-graph\">{\"@context\":\"https:\/\/schema.org\",\"@graph\":[{\"@type\":\"Article\",\"@id\":\"https:\/\/nigroequipamentos.com.br\/conteudo\/descubra-a-potencia-da-empilhadeira-retratil-paletrans-alta-capacidade-para-o-seu-negocio\/#article\",\"isPartOf\":{\"@id\":\"https:\/\/nigroequipamentos.com.br\/conteudo\/descubra-a-potencia-da-empilhadeira-retratil-paletrans-alta-capacidade-para-o-seu-negocio\/\"},\"author\":{\"name\":\"admin\",\"@id\":\"https:\/\/nigroequipamentos.com.br\/conteudo\/#\/schema\/person\/fcea30745d02308eb99e98a355ab1ca7\"},\"headline\":\"Descubra a Pot\u00eancia da Empilhadeira Retr\u00e1til Paletrans: Alta Capacidade para o Seu Neg\u00f3cio\",\"datePublished\":\"2024-10-31T23:00:09+00:00\",\"dateModified\":\"2024-10-31T23:00:09+00:00\",\"mainEntityOfPage\":{\"@id\":\"https:\/\/nigroequipamentos.com.br\/conteudo\/descubra-a-potencia-da-empilhadeira-retratil-paletrans-alta-capacidade-para-o-seu-negocio\/\"},\"wordCount\":596,\"publisher\":{\"@id\":\"https:\/\/nigroequipamentos.com.br\/conteudo\/#organization\"},\"image\":{\"@id\":\"https:\/\/nigroequipamentos.com.br\/conteudo\/descubra-a-potencia-da-empilhadeira-retratil-paletrans-alta-capacidade-para-o-seu-negocio\/#primaryimage\"},\"thumbnailUrl\":\"https:\/\/nigroequipamentos.com.br\/conteudo\/wp-content\/uploads\/2024\/10\/nigro-equipamentos.webp\",\"articleSection\":[\"Paletrans\"],\"inLanguage\":\"pt-BR\"},{\"@type\":\"WebPage\",\"@id\":\"https:\/\/nigroequipamentos.com.br\/conteudo\/descubra-a-potencia-da-empilhadeira-retratil-paletrans-alta-capacidade-para-o-seu-negocio\/\",\"url\":\"https:\/\/nigroequipamentos.com.br\/conteudo\/descubra-a-potencia-da-empilhadeira-retratil-paletrans-alta-capacidade-para-o-seu-negocio\/\",\"name\":\"Empilhadeira Retr\u00e1til Paletrans: Alta Capacidade para Sua Log\u00edstica\",\"isPartOf\":{\"@id\":\"https:\/\/nigroequipamentos.com.br\/conteudo\/#website\"},\"primaryImageOfPage\":{\"@id\":\"https:\/\/nigroequipamentos.com.br\/conteudo\/descubra-a-potencia-da-empilhadeira-retratil-paletrans-alta-capacidade-para-o-seu-negocio\/#primaryimage\"},\"image\":{\"@id\":\"https:\/\/nigroequipamentos.com.br\/conteudo\/descubra-a-potencia-da-empilhadeira-retratil-paletrans-alta-capacidade-para-o-seu-negocio\/#primaryimage\"},\"thumbnailUrl\":\"https:\/\/nigroequipamentos.com.br\/conteudo\/wp-content\/uploads\/2024\/10\/nigro-equipamentos.webp\",\"datePublished\":\"2024-10-31T23:00:09+00:00\",\"dateModified\":\"2024-10-31T23:00:09+00:00\",\"description\":\"Descubra como a empilhadeira retr\u00e1til Paletrans pode otimizar a log\u00edstica da sua empresa, aumentando a capacidade de carga e a efici\u00eancia operacional.\",\"breadcrumb\":{\"@id\":\"https:\/\/nigroequipamentos.com.br\/conteudo\/descubra-a-potencia-da-empilhadeira-retratil-paletrans-alta-capacidade-para-o-seu-negocio\/#breadcrumb\"},\"inLanguage\":\"pt-BR\",\"potentialAction\":[{\"@type\":\"ReadAction\",\"target\":[\"https:\/\/nigroequipamentos.com.br\/conteudo\/descubra-a-potencia-da-empilhadeira-retratil-paletrans-alta-capacidade-para-o-seu-negocio\/\"]}]},{\"@type\":\"ImageObject\",\"inLanguage\":\"pt-BR\",\"@id\":\"https:\/\/nigroequipamentos.com.br\/conteudo\/descubra-a-potencia-da-empilhadeira-retratil-paletrans-alta-capacidade-para-o-seu-negocio\/#primaryimage\",\"url\":\"https:\/\/nigroequipamentos.com.br\/conteudo\/wp-content\/uploads\/2024\/10\/nigro-equipamentos.webp\",\"contentUrl\":\"https:\/\/nigroequipamentos.com.br\/conteudo\/wp-content\/uploads\/2024\/10\/nigro-equipamentos.webp\",\"width\":1200,\"height\":678},{\"@type\":\"BreadcrumbList\",\"@id\":\"https:\/\/nigroequipamentos.com.br\/conteudo\/descubra-a-potencia-da-empilhadeira-retratil-paletrans-alta-capacidade-para-o-seu-negocio\/#breadcrumb\",\"itemListElement\":[{\"@type\":\"ListItem\",\"position\":1,\"name\":\"In\u00edcio\",\"item\":\"https:\/\/nigroequipamentos.com.br\/conteudo\/\"},{\"@type\":\"ListItem\",\"position\":2,\"name\":\"Descubra a Pot\u00eancia da Empilhadeira Retr\u00e1til Paletrans: Alta Capacidade para o Seu Neg\u00f3cio\"}]},{\"@type\":\"WebSite\",\"@id\":\"https:\/\/nigroequipamentos.com.br\/conteudo\/#website\",\"url\":\"https:\/\/nigroequipamentos.com.br\/conteudo\/\",\"name\":\"Nigro Equipamentos\",\"description\":\"Loca\u00e7\u00e3o e Vendas\",\"publisher\":{\"@id\":\"https:\/\/nigroequipamentos.com.br\/conteudo\/#organization\"},\"potentialAction\":[{\"@type\":\"SearchAction\",\"target\":{\"@type\":\"EntryPoint\",\"urlTemplate\":\"https:\/\/nigroequipamentos.com.br\/conteudo\/?s={search_term_string}\"},\"query-input\":{\"@type\":\"PropertyValueSpecification\",\"valueRequired\":true,\"valueName\":\"search_term_string\"}}],\"inLanguage\":\"pt-BR\"},{\"@type\":\"Organization\",\"@id\":\"https:\/\/nigroequipamentos.com.br\/conteudo\/#organization\",\"name\":\"Nigro Equipamentos\",\"url\":\"https:\/\/nigroequipamentos.com.br\/conteudo\/\",\"logo\":{\"@type\":\"ImageObject\",\"inLanguage\":\"pt-BR\",\"@id\":\"https:\/\/nigroequipamentos.com.br\/conteudo\/#\/schema\/logo\/image\/\",\"url\":\"https:\/\/nigroequipamentos.com.br\/conteudo\/wp-content\/uploads\/2024\/10\/nigroequipamentos_logo.webp\",\"contentUrl\":\"https:\/\/nigroequipamentos.com.br\/conteudo\/wp-content\/uploads\/2024\/10\/nigroequipamentos_logo.webp\",\"width\":785,\"height\":355,\"caption\":\"Nigro Equipamentos\"},\"image\":{\"@id\":\"https:\/\/nigroequipamentos.com.br\/conteudo\/#\/schema\/logo\/image\/\"},\"sameAs\":[\"https:\/\/www.facebook.com\/nigroequipamentos\",\"https:\/\/www.instagram.com\/nigroequipamentos\/\"]},{\"@type\":\"Person\",\"@id\":\"https:\/\/nigroequipamentos.com.br\/conteudo\/#\/schema\/person\/fcea30745d02308eb99e98a355ab1ca7\",\"name\":\"admin\",\"image\":{\"@type\":\"ImageObject\",\"inLanguage\":\"pt-BR\",\"@id\":\"https:\/\/nigroequipamentos.com.br\/conteudo\/#\/schema\/person\/image\/\",\"url\":\"https:\/\/secure.gravatar.com\/avatar\/8e1e805e3c53d28d73ab302708d1c1b7?s=96&d=mm&r=g\",\"contentUrl\":\"https:\/\/secure.gravatar.com\/avatar\/8e1e805e3c53d28d73ab302708d1c1b7?s=96&d=mm&r=g\",\"caption\":\"admin\"},\"sameAs\":[\"https:\/\/nigroequipamentos.com.br\/conteudo\"],\"url\":\"https:\/\/nigroequipamentos.com.br\/conteudo\/author\/admin\/\"}]}<\/script>\n<!-- \/ Yoast SEO Premium plugin. -->","yoast_head_json":{"title":"Empilhadeira Retr\u00e1til Paletrans: Alta Capacidade para Sua Log\u00edstica","description":"Descubra como a empilhadeira retr\u00e1til Paletrans pode otimizar a log\u00edstica da sua empresa, aumentando a capacidade de carga e a efici\u00eancia operacional.","robots":{"index":"index","follow":"follow","max-snippet":"max-snippet:-1","max-image-preview":"max-image-preview:large","max-video-preview":"max-video-preview:-1"},"canonical":"https:\/\/nigroequipamentos.com.br\/conteudo\/descubra-a-potencia-da-empilhadeira-retratil-paletrans-alta-capacidade-para-o-seu-negocio\/","og_locale":"pt_BR","og_type":"article","og_title":"Descubra a Pot\u00eancia da Empilhadeira Retr\u00e1til Paletrans: Alta Capacidade para o Seu Neg\u00f3cio","og_description":"Descubra como a empilhadeira retr\u00e1til Paletrans pode otimizar a log\u00edstica da sua empresa, aumentando a capacidade de carga e a efici\u00eancia operacional.","og_url":"https:\/\/nigroequipamentos.com.br\/conteudo\/descubra-a-potencia-da-empilhadeira-retratil-paletrans-alta-capacidade-para-o-seu-negocio\/","og_site_name":"Nigro Equipamentos","article_publisher":"https:\/\/www.facebook.com\/nigroequipamentos","article_published_time":"2024-10-31T23:00:09+00:00","og_image":[{"width":1200,"height":678,"url":"https:\/\/nigroequipamentos.com.br\/conteudo\/wp-content\/uploads\/2024\/10\/nigro-equipamentos.webp","type":"image\/webp"}],"author":"admin","twitter_card":"summary_large_image","twitter_misc":{"Escrito por":"admin","Est. tempo de leitura":"3 minutos"},"schema":{"@context":"https:\/\/schema.org","@graph":[{"@type":"Article","@id":"https:\/\/nigroequipamentos.com.br\/conteudo\/descubra-a-potencia-da-empilhadeira-retratil-paletrans-alta-capacidade-para-o-seu-negocio\/#article","isPartOf":{"@id":"https:\/\/nigroequipamentos.com.br\/conteudo\/descubra-a-potencia-da-empilhadeira-retratil-paletrans-alta-capacidade-para-o-seu-negocio\/"},"author":{"name":"admin","@id":"https:\/\/nigroequipamentos.com.br\/conteudo\/#\/schema\/person\/fcea30745d02308eb99e98a355ab1ca7"},"headline":"Descubra a Pot\u00eancia da Empilhadeira Retr\u00e1til Paletrans: Alta Capacidade para o Seu Neg\u00f3cio","datePublished":"2024-10-31T23:00:09+00:00","dateModified":"2024-10-31T23:00:09+00:00","mainEntityOfPage":{"@id":"https:\/\/nigroequipamentos.com.br\/conteudo\/descubra-a-potencia-da-empilhadeira-retratil-paletrans-alta-capacidade-para-o-seu-negocio\/"},"wordCount":596,"publisher":{"@id":"https:\/\/nigroequipamentos.com.br\/conteudo\/#organization"},"image":{"@id":"https:\/\/nigroequipamentos.com.br\/conteudo\/descubra-a-potencia-da-empilhadeira-retratil-paletrans-alta-capacidade-para-o-seu-negocio\/#primaryimage"},"thumbnailUrl":"https:\/\/nigroequipamentos.com.br\/conteudo\/wp-content\/uploads\/2024\/10\/nigro-equipamentos.webp","articleSection":["Paletrans"],"inLanguage":"pt-BR"},{"@type":"WebPage","@id":"https:\/\/nigroequipamentos.com.br\/conteudo\/descubra-a-potencia-da-empilhadeira-retratil-paletrans-alta-capacidade-para-o-seu-negocio\/","url":"https:\/\/nigroequipamentos.com.br\/conteudo\/descubra-a-potencia-da-empilhadeira-retratil-paletrans-alta-capacidade-para-o-seu-negocio\/","name":"Empilhadeira Retr\u00e1til Paletrans: Alta Capacidade para Sua Log\u00edstica","isPartOf":{"@id":"https:\/\/nigroequipamentos.com.br\/conteudo\/#website"},"primaryImageOfPage":{"@id":"https:\/\/nigroequipamentos.com.br\/conteudo\/descubra-a-potencia-da-empilhadeira-retratil-paletrans-alta-capacidade-para-o-seu-negocio\/#primaryimage"},"image":{"@id":"https:\/\/nigroequipamentos.com.br\/conteudo\/descubra-a-potencia-da-empilhadeira-retratil-paletrans-alta-capacidade-para-o-seu-negocio\/#primaryimage"},"thumbnailUrl":"https:\/\/nigroequipamentos.com.br\/conteudo\/wp-content\/uploads\/2024\/10\/nigro-equipamentos.webp","datePublished":"2024-10-31T23:00:09+00:00","dateModified":"2024-10-31T23:00:09+00:00","description":"Descubra como a empilhadeira retr\u00e1til Paletrans pode otimizar a log\u00edstica da sua empresa, aumentando a capacidade de carga e a efici\u00eancia operacional.","breadcrumb":{"@id":"https:\/\/nigroequipamentos.com.br\/conteudo\/descubra-a-potencia-da-empilhadeira-retratil-paletrans-alta-capacidade-para-o-seu-negocio\/#breadcrumb"},"inLanguage":"pt-BR","potentialAction":[{"@type":"ReadAction","target":["https:\/\/nigroequipamentos.com.br\/conteudo\/descubra-a-potencia-da-empilhadeira-retratil-paletrans-alta-capacidade-para-o-seu-negocio\/"]}]},{"@type":"ImageObject","inLanguage":"pt-BR","@id":"https:\/\/nigroequipamentos.com.br\/conteudo\/descubra-a-potencia-da-empilhadeira-retratil-paletrans-alta-capacidade-para-o-seu-negocio\/#primaryimage","url":"https:\/\/nigroequipamentos.com.br\/conteudo\/wp-content\/uploads\/2024\/10\/nigro-equipamentos.webp","contentUrl":"https:\/\/nigroequipamentos.com.br\/conteudo\/wp-content\/uploads\/2024\/10\/nigro-equipamentos.webp","width":1200,"height":678},{"@type":"BreadcrumbList","@id":"https:\/\/nigroequipamentos.com.br\/conteudo\/descubra-a-potencia-da-empilhadeira-retratil-paletrans-alta-capacidade-para-o-seu-negocio\/#breadcrumb","itemListElement":[{"@type":"ListItem","position":1,"name":"In\u00edcio","item":"https:\/\/nigroequipamentos.com.br\/conteudo\/"},{"@type":"ListItem","position":2,"name":"Descubra a Pot\u00eancia da Empilhadeira Retr\u00e1til Paletrans: Alta Capacidade para o Seu Neg\u00f3cio"}]},{"@type":"WebSite","@id":"https:\/\/nigroequipamentos.com.br\/conteudo\/#website","url":"https:\/\/nigroequipamentos.com.br\/conteudo\/","name":"Nigro Equipamentos","description":"Loca\u00e7\u00e3o e Vendas","publisher":{"@id":"https:\/\/nigroequipamentos.com.br\/conteudo\/#organization"},"potentialAction":[{"@type":"SearchAction","target":{"@type":"EntryPoint","urlTemplate":"https:\/\/nigroequipamentos.com.br\/conteudo\/?s={search_term_string}"},"query-input":{"@type":"PropertyValueSpecification","valueRequired":true,"valueName":"search_term_string"}}],"inLanguage":"pt-BR"},{"@type":"Organization","@id":"https:\/\/nigroequipamentos.com.br\/conteudo\/#organization","name":"Nigro Equipamentos","url":"https:\/\/nigroequipamentos.com.br\/conteudo\/","logo":{"@type":"ImageObject","inLanguage":"pt-BR","@id":"https:\/\/nigroequipamentos.com.br\/conteudo\/#\/schema\/logo\/image\/","url":"https:\/\/nigroequipamentos.com.br\/conteudo\/wp-content\/uploads\/2024\/10\/nigroequipamentos_logo.webp","contentUrl":"https:\/\/nigroequipamentos.com.br\/conteudo\/wp-content\/uploads\/2024\/10\/nigroequipamentos_logo.webp","width":785,"height":355,"caption":"Nigro Equipamentos"},"image":{"@id":"https:\/\/nigroequipamentos.com.br\/conteudo\/#\/schema\/logo\/image\/"},"sameAs":["https:\/\/www.facebook.com\/nigroequipamentos","https:\/\/www.instagram.com\/nigroequipamentos\/"]},{"@type":"Person","@id":"https:\/\/nigroequipamentos.com.br\/conteudo\/#\/schema\/person\/fcea30745d02308eb99e98a355ab1ca7","name":"admin","image":{"@type":"ImageObject","inLanguage":"pt-BR","@id":"https:\/\/nigroequipamentos.com.br\/conteudo\/#\/schema\/person\/image\/","url":"https:\/\/secure.gravatar.com\/avatar\/8e1e805e3c53d28d73ab302708d1c1b7?s=96&d=mm&r=g","contentUrl":"https:\/\/secure.gravatar.com\/avatar\/8e1e805e3c53d28d73ab302708d1c1b7?s=96&d=mm&r=g","caption":"admin"},"sameAs":["https:\/\/nigroequipamentos.com.br\/conteudo"],"url":"https:\/\/nigroequipamentos.com.br\/conteudo\/author\/admin\/"}]}},"_links":{"self":[{"href":"https:\/\/nigroequipamentos.com.br\/conteudo\/wp-json\/wp\/v2\/posts\/1244","targetHints":{"allow":["GET"]}}],"collection":[{"href":"https:\/\/nigroequipamentos.com.br\/conteudo\/wp-json\/wp\/v2\/posts"}],"about":[{"href":"https:\/\/nigroequipamentos.com.br\/conteudo\/wp-json\/wp\/v2\/types\/post"}],"author":[{"embeddable":true,"href":"https:\/\/nigroequipamentos.com.br\/conteudo\/wp-json\/wp\/v2\/users\/1"}],"replies":[{"embeddable":true,"href":"https:\/\/nigroequipamentos.com.br\/conteudo\/wp-json\/wp\/v2\/comments?post=1244"}],"version-history":[{"count":0,"href":"https:\/\/nigroequipamentos.com.br\/conteudo\/wp-json\/wp\/v2\/posts\/1244\/revisions"}],"wp:featuredmedia":[{"embeddable":true,"href":"https:\/\/nigroequipamentos.com.br\/conteudo\/wp-json\/wp\/v2\/media\/17"}],"wp:attachment":[{"href":"https:\/\/nigroequipamentos.com.br\/conteudo\/wp-json\/wp\/v2\/media?parent=1244"}],"wp:term":[{"taxonomy":"category","embeddable":true,"href":"https:\/\/nigroequipamentos.com.br\/conteudo\/wp-json\/wp\/v2\/categories?post=1244"},{"taxonomy":"post_tag","embeddable":true,"href":"https:\/\/nigroequipamentos.com.br\/conteudo\/wp-json\/wp\/v2\/tags?post=1244"}],"curies":[{"name":"wp","href":"https:\/\/api.w.org\/{rel}","templated":true}]}}