{"id":1105,"date":"2024-10-31T07:22:15","date_gmt":"2024-10-31T10:22:15","guid":{"rendered":"https:\/\/nigroequipamentos.com.br\/conteudo\/descubra-a-versatilidade-da-empilhadeira-semi-eletrica-paletrans-compacta\/"},"modified":"2024-10-31T07:22:15","modified_gmt":"2024-10-31T10:22:15","slug":"descubra-a-versatilidade-da-empilhadeira-semi-eletrica-paletrans-compacta","status":"publish","type":"post","link":"https:\/\/nigroequipamentos.com.br\/conteudo\/descubra-a-versatilidade-da-empilhadeira-semi-eletrica-paletrans-compacta\/","title":{"rendered":"<strong>Descubra a Versatilidade da Empilhadeira Semi-El\u00e9trica Paletrans Compacta<\/strong>"},"content":{"rendered":"<p>A empilhadeira semi-el\u00e9trica Paletrans compacta \u00e9 uma solu\u00e7\u00e3o inovadora que se destaca no mercado de movimenta\u00e7\u00e3o de materiais. Ideal para espa\u00e7os reduzidos, essa empilhadeira combina efici\u00eancia, praticidade e sustentabilidade, sendo uma escolha inteligente para empresas que buscam otimizar suas opera\u00e7\u00f5es log\u00edsticas.<\/p>\n<p>Um dos principais benef\u00edcios da Paletrans compacta \u00e9 a sua capacidade de operar em \u00e1reas limitadas. Com suas dimens\u00f5es reduzidas, ela \u00e9 perfeita para armaz\u00e9ns e ambientes de trabalho onde o espa\u00e7o \u00e9 um recurso precioso. Al\u00e9m disso, a m\u00e1quina \u00e9 equipada com um motor semi-el\u00e9trico, que proporciona potencia e ao mesmo tempo promove uma opera\u00e7\u00e3o silenciosa, minimizando o impacto sobre o ambiente.<\/p>\n<p>Em termos de funcionalidade, a empilhadeira semi-el\u00e9trica Paletrans se destaca pela facilidade no manuseio. Com controles intuitivos e um design ergon\u00f4mico, at\u00e9 mesmo operadores inexperientes podem aprender rapidamente a operar a m\u00e1quina sem comprometer a seguran\u00e7a. Isso \u00e9 especialmente importante em um ambiente onde a rotatividade de funcion\u00e1rios pode ser alta.<\/p>\n<p>Al\u00e9m disso, a Paletrans compacta \u00e9 projetada para suportar cargas pesadas, com uma capacidade de levantamento que pode atender a diferentes necessidades industriais. Desde o transporte de paletes at\u00e9 o empilhamento de mercadorias, essa empilhadeira oferece desempenho confi\u00e1vel, assegurando que suas opera\u00e7\u00f5es sejam realizadas com rapidez e efici\u00eancia.<\/p>\n<p>Outro aspecto digno de nota \u00e9 a sua sustentabilidade. Ao utilizar tecnologia semi-el\u00e9trica, a empilhadeira Paletrans n\u00e3o apenas reduz o consumo de energia, mas tamb\u00e9m diminui as emiss\u00f5es de carbono. Isso n\u00e3o apenas beneficia o meio ambiente, mas tamb\u00e9m pode resultar em economia de custos operacionais para as empresas que adotam essa solu\u00e7\u00e3o.<\/p>\n<p>As vantagens da Paletrans n\u00e3o terminam aqui. A empresa oferece op\u00e7\u00f5es de manuten\u00e7\u00e3o e suporte, garantindo que a sua empilhadeira esteja sempre em excelentes condi\u00e7\u00f5es de funcionamento. Com um plano de manuten\u00e7\u00e3o preventiva, as empresas podem evitar paradas inesperadas e prolongar a vida \u00fatil do equipamento.<\/p>\n<p>Para empresas que ainda n\u00e3o se decidiram entre compra ou loca\u00e7\u00e3o, a Nigro Equipamentos oferece flexibilidade. Tanto a venda quanto a loca\u00e7\u00e3o de empilhadeiras semi-el\u00e9tricas est\u00e3o dispon\u00edveis, permitindo que voc\u00ea escolha a solu\u00e7\u00e3o mais adequada para o seu neg\u00f3cio. Com isso, voc\u00ea pode ter acesso \u00e0 tecnologia mais avan\u00e7ada sem comprometer seu capital de giro.<\/p>\n<p>Portanto, se voc\u00ea est\u00e1 \u00e0 procura de uma m\u00e1quina que combine efici\u00eancia, praticidade e sustentabilidade, a empilhadeira semi-el\u00e9trica Paletrans compacta \u00e9, sem d\u00favida, uma excelente op\u00e7\u00e3o para o seu armaz\u00e9m ou centro de distribui\u00e7\u00e3o.<\/p>\n<p><strong>Nigro Equipamentos: Expertise em Venda e Loca\u00e7\u00e3o de Equipamentos<\/strong><\/p>\n<p>Em conclus\u00e3o, a Nigro Equipamentos posiciona-se como uma empresa completa e hol\u00edstica na venda e loca\u00e7\u00e3o de equipamentos. Com um portf\u00f3lio diversificado e um compromisso cont\u00ednuo com a satisfa\u00e7\u00e3o do cliente, a Nigro est\u00e1 pronta para entregar solu\u00e7\u00f5es que fazem a diferen\u00e7a na efici\u00eancia de suas opera\u00e7\u00f5es. Seja para compra ou loca\u00e7\u00e3o, confie na Nigro Equipamentos para atender todas as suas necessidades de movimenta\u00e7\u00e3o de materiais. <BR><BR><br \/>\n________________________<\/p>\n<p><BR><BR><\/p>\n<p>Este conte\u00fado foi desenvolvido pela ag\u00eancia especialista em SEO <a href=\"https:\/\/elevenmind.com.br\/\" target=\"_blank\" rel=\"noopener\">Elevenmind<\/a><\/p>\n","protected":false},"excerpt":{"rendered":"<p>A empilhadeira semi-el\u00e9trica Paletrans compacta \u00e9 uma solu\u00e7\u00e3o inovadora que se destaca no mercado de movimenta\u00e7\u00e3o de materiais. Ideal para espa\u00e7os reduzidos, essa empilhadeira combina efici\u00eancia, praticidade e sustentabilidade, sendo uma escolha inteligente para empresas que buscam otimizar suas opera\u00e7\u00f5es log\u00edsticas. Um dos principais benef\u00edcios da Paletrans compacta \u00e9 a sua capacidade de operar em&hellip;&nbsp;<a href=\"https:\/\/nigroequipamentos.com.br\/conteudo\/descubra-a-versatilidade-da-empilhadeira-semi-eletrica-paletrans-compacta\/\" class=\"\" rel=\"bookmark\">Continue a ler &raquo;<span class=\"screen-reader-text\"><strong>Descubra a Versatilidade da Empilhadeira Semi-El\u00e9trica Paletrans Compacta<\/strong><\/span><\/a><\/p>\n","protected":false},"author":1,"featured_media":17,"comment_status":"","ping_status":"open","sticky":false,"template":"","format":"standard","meta":{"_acf_changed":false,"_yoast_wpseo_focuskw":"empilhadeira semi-el\u00e9trica Paletrans compacta","_yoast_wpseo_title":"Empilhadeira Semi-El\u00e9trica Paletrans Compacta: Efici\u00eancia e Sustentabilidade na Movimenta\u00e7\u00e3o de Materiais","_yoast_wpseo_metadesc":"A empilhadeira semi-el\u00e9trica Paletrans compacta \u00e9 ideal para espa\u00e7os reduzidos, combinando efici\u00eancia e sustentabilidade. Descubra como a Nigro Equipamentos pode ajudar voc\u00ea com a venda e loca\u00e7\u00e3o deste equipamento.","neve_meta_sidebar":"","neve_meta_container":"","neve_meta_enable_content_width":"","neve_meta_content_width":0,"neve_meta_title_alignment":"","neve_meta_author_avatar":"","neve_post_elements_order":"","neve_meta_disable_header":"","neve_meta_disable_footer":"","neve_meta_disable_title":"","footnotes":""},"categories":[6],"tags":[],"class_list":["post-1105","post","type-post","status-publish","format-standard","has-post-thumbnail","hentry","category-paletrans"],"acf":[],"yoast_head":"<!-- This site is optimized with the Yoast SEO Premium plugin v18.3 (Yoast SEO v23.4) - https:\/\/yoast.com\/wordpress\/plugins\/seo\/ -->\n<title>Empilhadeira Semi-El\u00e9trica Paletrans Compacta: Efici\u00eancia e Sustentabilidade na Movimenta\u00e7\u00e3o de Materiais<\/title>\n<meta name=\"description\" content=\"A empilhadeira semi-el\u00e9trica Paletrans compacta \u00e9 ideal para espa\u00e7os reduzidos, combinando efici\u00eancia e sustentabilidade. Descubra como a Nigro Equipamentos pode ajudar voc\u00ea com a venda e loca\u00e7\u00e3o deste equipamento.\" \/>\n<meta name=\"robots\" content=\"index, follow, max-snippet:-1, max-image-preview:large, max-video-preview:-1\" \/>\n<link rel=\"canonical\" href=\"https:\/\/nigroequipamentos.com.br\/conteudo\/descubra-a-versatilidade-da-empilhadeira-semi-eletrica-paletrans-compacta\/\" \/>\n<meta property=\"og:locale\" content=\"pt_BR\" \/>\n<meta property=\"og:type\" content=\"article\" \/>\n<meta property=\"og:title\" content=\"Descubra a Versatilidade da Empilhadeira Semi-El\u00e9trica Paletrans Compacta\" \/>\n<meta property=\"og:description\" content=\"A empilhadeira semi-el\u00e9trica Paletrans compacta \u00e9 ideal para espa\u00e7os reduzidos, combinando efici\u00eancia e sustentabilidade. Descubra como a Nigro Equipamentos pode ajudar voc\u00ea com a venda e loca\u00e7\u00e3o deste equipamento.\" \/>\n<meta property=\"og:url\" content=\"https:\/\/nigroequipamentos.com.br\/conteudo\/descubra-a-versatilidade-da-empilhadeira-semi-eletrica-paletrans-compacta\/\" \/>\n<meta property=\"og:site_name\" content=\"Nigro Equipamentos\" \/>\n<meta property=\"article:publisher\" content=\"https:\/\/www.facebook.com\/nigroequipamentos\" \/>\n<meta property=\"article:published_time\" content=\"2024-10-31T10:22:15+00:00\" \/>\n<meta property=\"og:image\" content=\"https:\/\/nigroequipamentos.com.br\/conteudo\/wp-content\/uploads\/2024\/10\/nigro-equipamentos.webp\" \/>\n\t<meta property=\"og:image:width\" content=\"1200\" \/>\n\t<meta property=\"og:image:height\" content=\"678\" \/>\n\t<meta property=\"og:image:type\" content=\"image\/webp\" \/>\n<meta name=\"author\" content=\"admin\" \/>\n<meta name=\"twitter:card\" content=\"summary_large_image\" \/>\n<meta name=\"twitter:label1\" content=\"Escrito por\" \/>\n\t<meta name=\"twitter:data1\" content=\"admin\" \/>\n\t<meta name=\"twitter:label2\" content=\"Est. tempo de leitura\" \/>\n\t<meta name=\"twitter:data2\" content=\"3 minutos\" \/>\n<script type=\"application\/ld+json\" class=\"yoast-schema-graph\">{\"@context\":\"https:\/\/schema.org\",\"@graph\":[{\"@type\":\"Article\",\"@id\":\"https:\/\/nigroequipamentos.com.br\/conteudo\/descubra-a-versatilidade-da-empilhadeira-semi-eletrica-paletrans-compacta\/#article\",\"isPartOf\":{\"@id\":\"https:\/\/nigroequipamentos.com.br\/conteudo\/descubra-a-versatilidade-da-empilhadeira-semi-eletrica-paletrans-compacta\/\"},\"author\":{\"name\":\"admin\",\"@id\":\"https:\/\/nigroequipamentos.com.br\/conteudo\/#\/schema\/person\/fcea30745d02308eb99e98a355ab1ca7\"},\"headline\":\"Descubra a Versatilidade da Empilhadeira Semi-El\u00e9trica Paletrans Compacta\",\"datePublished\":\"2024-10-31T10:22:15+00:00\",\"dateModified\":\"2024-10-31T10:22:15+00:00\",\"mainEntityOfPage\":{\"@id\":\"https:\/\/nigroequipamentos.com.br\/conteudo\/descubra-a-versatilidade-da-empilhadeira-semi-eletrica-paletrans-compacta\/\"},\"wordCount\":541,\"publisher\":{\"@id\":\"https:\/\/nigroequipamentos.com.br\/conteudo\/#organization\"},\"image\":{\"@id\":\"https:\/\/nigroequipamentos.com.br\/conteudo\/descubra-a-versatilidade-da-empilhadeira-semi-eletrica-paletrans-compacta\/#primaryimage\"},\"thumbnailUrl\":\"https:\/\/nigroequipamentos.com.br\/conteudo\/wp-content\/uploads\/2024\/10\/nigro-equipamentos.webp\",\"articleSection\":[\"Paletrans\"],\"inLanguage\":\"pt-BR\"},{\"@type\":\"WebPage\",\"@id\":\"https:\/\/nigroequipamentos.com.br\/conteudo\/descubra-a-versatilidade-da-empilhadeira-semi-eletrica-paletrans-compacta\/\",\"url\":\"https:\/\/nigroequipamentos.com.br\/conteudo\/descubra-a-versatilidade-da-empilhadeira-semi-eletrica-paletrans-compacta\/\",\"name\":\"Empilhadeira Semi-El\u00e9trica Paletrans Compacta: Efici\u00eancia e Sustentabilidade na Movimenta\u00e7\u00e3o de Materiais\",\"isPartOf\":{\"@id\":\"https:\/\/nigroequipamentos.com.br\/conteudo\/#website\"},\"primaryImageOfPage\":{\"@id\":\"https:\/\/nigroequipamentos.com.br\/conteudo\/descubra-a-versatilidade-da-empilhadeira-semi-eletrica-paletrans-compacta\/#primaryimage\"},\"image\":{\"@id\":\"https:\/\/nigroequipamentos.com.br\/conteudo\/descubra-a-versatilidade-da-empilhadeira-semi-eletrica-paletrans-compacta\/#primaryimage\"},\"thumbnailUrl\":\"https:\/\/nigroequipamentos.com.br\/conteudo\/wp-content\/uploads\/2024\/10\/nigro-equipamentos.webp\",\"datePublished\":\"2024-10-31T10:22:15+00:00\",\"dateModified\":\"2024-10-31T10:22:15+00:00\",\"description\":\"A empilhadeira semi-el\u00e9trica Paletrans compacta \u00e9 ideal para espa\u00e7os reduzidos, combinando efici\u00eancia e sustentabilidade. Descubra como a Nigro Equipamentos pode ajudar voc\u00ea com a venda e loca\u00e7\u00e3o deste equipamento.\",\"breadcrumb\":{\"@id\":\"https:\/\/nigroequipamentos.com.br\/conteudo\/descubra-a-versatilidade-da-empilhadeira-semi-eletrica-paletrans-compacta\/#breadcrumb\"},\"inLanguage\":\"pt-BR\",\"potentialAction\":[{\"@type\":\"ReadAction\",\"target\":[\"https:\/\/nigroequipamentos.com.br\/conteudo\/descubra-a-versatilidade-da-empilhadeira-semi-eletrica-paletrans-compacta\/\"]}]},{\"@type\":\"ImageObject\",\"inLanguage\":\"pt-BR\",\"@id\":\"https:\/\/nigroequipamentos.com.br\/conteudo\/descubra-a-versatilidade-da-empilhadeira-semi-eletrica-paletrans-compacta\/#primaryimage\",\"url\":\"https:\/\/nigroequipamentos.com.br\/conteudo\/wp-content\/uploads\/2024\/10\/nigro-equipamentos.webp\",\"contentUrl\":\"https:\/\/nigroequipamentos.com.br\/conteudo\/wp-content\/uploads\/2024\/10\/nigro-equipamentos.webp\",\"width\":1200,\"height\":678},{\"@type\":\"BreadcrumbList\",\"@id\":\"https:\/\/nigroequipamentos.com.br\/conteudo\/descubra-a-versatilidade-da-empilhadeira-semi-eletrica-paletrans-compacta\/#breadcrumb\",\"itemListElement\":[{\"@type\":\"ListItem\",\"position\":1,\"name\":\"In\u00edcio\",\"item\":\"https:\/\/nigroequipamentos.com.br\/conteudo\/\"},{\"@type\":\"ListItem\",\"position\":2,\"name\":\"Descubra a Versatilidade da Empilhadeira Semi-El\u00e9trica Paletrans Compacta\"}]},{\"@type\":\"WebSite\",\"@id\":\"https:\/\/nigroequipamentos.com.br\/conteudo\/#website\",\"url\":\"https:\/\/nigroequipamentos.com.br\/conteudo\/\",\"name\":\"Nigro Equipamentos\",\"description\":\"Loca\u00e7\u00e3o e Vendas\",\"publisher\":{\"@id\":\"https:\/\/nigroequipamentos.com.br\/conteudo\/#organization\"},\"potentialAction\":[{\"@type\":\"SearchAction\",\"target\":{\"@type\":\"EntryPoint\",\"urlTemplate\":\"https:\/\/nigroequipamentos.com.br\/conteudo\/?s={search_term_string}\"},\"query-input\":{\"@type\":\"PropertyValueSpecification\",\"valueRequired\":true,\"valueName\":\"search_term_string\"}}],\"inLanguage\":\"pt-BR\"},{\"@type\":\"Organization\",\"@id\":\"https:\/\/nigroequipamentos.com.br\/conteudo\/#organization\",\"name\":\"Nigro Equipamentos\",\"url\":\"https:\/\/nigroequipamentos.com.br\/conteudo\/\",\"logo\":{\"@type\":\"ImageObject\",\"inLanguage\":\"pt-BR\",\"@id\":\"https:\/\/nigroequipamentos.com.br\/conteudo\/#\/schema\/logo\/image\/\",\"url\":\"https:\/\/nigroequipamentos.com.br\/conteudo\/wp-content\/uploads\/2024\/10\/nigroequipamentos_logo.webp\",\"contentUrl\":\"https:\/\/nigroequipamentos.com.br\/conteudo\/wp-content\/uploads\/2024\/10\/nigroequipamentos_logo.webp\",\"width\":785,\"height\":355,\"caption\":\"Nigro Equipamentos\"},\"image\":{\"@id\":\"https:\/\/nigroequipamentos.com.br\/conteudo\/#\/schema\/logo\/image\/\"},\"sameAs\":[\"https:\/\/www.facebook.com\/nigroequipamentos\",\"https:\/\/www.instagram.com\/nigroequipamentos\/\"]},{\"@type\":\"Person\",\"@id\":\"https:\/\/nigroequipamentos.com.br\/conteudo\/#\/schema\/person\/fcea30745d02308eb99e98a355ab1ca7\",\"name\":\"admin\",\"image\":{\"@type\":\"ImageObject\",\"inLanguage\":\"pt-BR\",\"@id\":\"https:\/\/nigroequipamentos.com.br\/conteudo\/#\/schema\/person\/image\/\",\"url\":\"https:\/\/secure.gravatar.com\/avatar\/8e1e805e3c53d28d73ab302708d1c1b7?s=96&d=mm&r=g\",\"contentUrl\":\"https:\/\/secure.gravatar.com\/avatar\/8e1e805e3c53d28d73ab302708d1c1b7?s=96&d=mm&r=g\",\"caption\":\"admin\"},\"sameAs\":[\"https:\/\/nigroequipamentos.com.br\/conteudo\"],\"url\":\"https:\/\/nigroequipamentos.com.br\/conteudo\/author\/admin\/\"}]}<\/script>\n<!-- \/ Yoast SEO Premium plugin. -->","yoast_head_json":{"title":"Empilhadeira Semi-El\u00e9trica Paletrans Compacta: Efici\u00eancia e Sustentabilidade na Movimenta\u00e7\u00e3o de Materiais","description":"A empilhadeira semi-el\u00e9trica Paletrans compacta \u00e9 ideal para espa\u00e7os reduzidos, combinando efici\u00eancia e sustentabilidade. Descubra como a Nigro Equipamentos pode ajudar voc\u00ea com a venda e loca\u00e7\u00e3o deste equipamento.","robots":{"index":"index","follow":"follow","max-snippet":"max-snippet:-1","max-image-preview":"max-image-preview:large","max-video-preview":"max-video-preview:-1"},"canonical":"https:\/\/nigroequipamentos.com.br\/conteudo\/descubra-a-versatilidade-da-empilhadeira-semi-eletrica-paletrans-compacta\/","og_locale":"pt_BR","og_type":"article","og_title":"Descubra a Versatilidade da Empilhadeira Semi-El\u00e9trica Paletrans Compacta","og_description":"A empilhadeira semi-el\u00e9trica Paletrans compacta \u00e9 ideal para espa\u00e7os reduzidos, combinando efici\u00eancia e sustentabilidade. Descubra como a Nigro Equipamentos pode ajudar voc\u00ea com a venda e loca\u00e7\u00e3o deste equipamento.","og_url":"https:\/\/nigroequipamentos.com.br\/conteudo\/descubra-a-versatilidade-da-empilhadeira-semi-eletrica-paletrans-compacta\/","og_site_name":"Nigro Equipamentos","article_publisher":"https:\/\/www.facebook.com\/nigroequipamentos","article_published_time":"2024-10-31T10:22:15+00:00","og_image":[{"width":1200,"height":678,"url":"https:\/\/nigroequipamentos.com.br\/conteudo\/wp-content\/uploads\/2024\/10\/nigro-equipamentos.webp","type":"image\/webp"}],"author":"admin","twitter_card":"summary_large_image","twitter_misc":{"Escrito por":"admin","Est. tempo de leitura":"3 minutos"},"schema":{"@context":"https:\/\/schema.org","@graph":[{"@type":"Article","@id":"https:\/\/nigroequipamentos.com.br\/conteudo\/descubra-a-versatilidade-da-empilhadeira-semi-eletrica-paletrans-compacta\/#article","isPartOf":{"@id":"https:\/\/nigroequipamentos.com.br\/conteudo\/descubra-a-versatilidade-da-empilhadeira-semi-eletrica-paletrans-compacta\/"},"author":{"name":"admin","@id":"https:\/\/nigroequipamentos.com.br\/conteudo\/#\/schema\/person\/fcea30745d02308eb99e98a355ab1ca7"},"headline":"Descubra a Versatilidade da Empilhadeira Semi-El\u00e9trica Paletrans Compacta","datePublished":"2024-10-31T10:22:15+00:00","dateModified":"2024-10-31T10:22:15+00:00","mainEntityOfPage":{"@id":"https:\/\/nigroequipamentos.com.br\/conteudo\/descubra-a-versatilidade-da-empilhadeira-semi-eletrica-paletrans-compacta\/"},"wordCount":541,"publisher":{"@id":"https:\/\/nigroequipamentos.com.br\/conteudo\/#organization"},"image":{"@id":"https:\/\/nigroequipamentos.com.br\/conteudo\/descubra-a-versatilidade-da-empilhadeira-semi-eletrica-paletrans-compacta\/#primaryimage"},"thumbnailUrl":"https:\/\/nigroequipamentos.com.br\/conteudo\/wp-content\/uploads\/2024\/10\/nigro-equipamentos.webp","articleSection":["Paletrans"],"inLanguage":"pt-BR"},{"@type":"WebPage","@id":"https:\/\/nigroequipamentos.com.br\/conteudo\/descubra-a-versatilidade-da-empilhadeira-semi-eletrica-paletrans-compacta\/","url":"https:\/\/nigroequipamentos.com.br\/conteudo\/descubra-a-versatilidade-da-empilhadeira-semi-eletrica-paletrans-compacta\/","name":"Empilhadeira Semi-El\u00e9trica Paletrans Compacta: Efici\u00eancia e Sustentabilidade na Movimenta\u00e7\u00e3o de Materiais","isPartOf":{"@id":"https:\/\/nigroequipamentos.com.br\/conteudo\/#website"},"primaryImageOfPage":{"@id":"https:\/\/nigroequipamentos.com.br\/conteudo\/descubra-a-versatilidade-da-empilhadeira-semi-eletrica-paletrans-compacta\/#primaryimage"},"image":{"@id":"https:\/\/nigroequipamentos.com.br\/conteudo\/descubra-a-versatilidade-da-empilhadeira-semi-eletrica-paletrans-compacta\/#primaryimage"},"thumbnailUrl":"https:\/\/nigroequipamentos.com.br\/conteudo\/wp-content\/uploads\/2024\/10\/nigro-equipamentos.webp","datePublished":"2024-10-31T10:22:15+00:00","dateModified":"2024-10-31T10:22:15+00:00","description":"A empilhadeira semi-el\u00e9trica Paletrans compacta \u00e9 ideal para espa\u00e7os reduzidos, combinando efici\u00eancia e sustentabilidade. Descubra como a Nigro Equipamentos pode ajudar voc\u00ea com a venda e loca\u00e7\u00e3o deste equipamento.","breadcrumb":{"@id":"https:\/\/nigroequipamentos.com.br\/conteudo\/descubra-a-versatilidade-da-empilhadeira-semi-eletrica-paletrans-compacta\/#breadcrumb"},"inLanguage":"pt-BR","potentialAction":[{"@type":"ReadAction","target":["https:\/\/nigroequipamentos.com.br\/conteudo\/descubra-a-versatilidade-da-empilhadeira-semi-eletrica-paletrans-compacta\/"]}]},{"@type":"ImageObject","inLanguage":"pt-BR","@id":"https:\/\/nigroequipamentos.com.br\/conteudo\/descubra-a-versatilidade-da-empilhadeira-semi-eletrica-paletrans-compacta\/#primaryimage","url":"https:\/\/nigroequipamentos.com.br\/conteudo\/wp-content\/uploads\/2024\/10\/nigro-equipamentos.webp","contentUrl":"https:\/\/nigroequipamentos.com.br\/conteudo\/wp-content\/uploads\/2024\/10\/nigro-equipamentos.webp","width":1200,"height":678},{"@type":"BreadcrumbList","@id":"https:\/\/nigroequipamentos.com.br\/conteudo\/descubra-a-versatilidade-da-empilhadeira-semi-eletrica-paletrans-compacta\/#breadcrumb","itemListElement":[{"@type":"ListItem","position":1,"name":"In\u00edcio","item":"https:\/\/nigroequipamentos.com.br\/conteudo\/"},{"@type":"ListItem","position":2,"name":"Descubra a Versatilidade da Empilhadeira Semi-El\u00e9trica Paletrans Compacta"}]},{"@type":"WebSite","@id":"https:\/\/nigroequipamentos.com.br\/conteudo\/#website","url":"https:\/\/nigroequipamentos.com.br\/conteudo\/","name":"Nigro Equipamentos","description":"Loca\u00e7\u00e3o e Vendas","publisher":{"@id":"https:\/\/nigroequipamentos.com.br\/conteudo\/#organization"},"potentialAction":[{"@type":"SearchAction","target":{"@type":"EntryPoint","urlTemplate":"https:\/\/nigroequipamentos.com.br\/conteudo\/?s={search_term_string}"},"query-input":{"@type":"PropertyValueSpecification","valueRequired":true,"valueName":"search_term_string"}}],"inLanguage":"pt-BR"},{"@type":"Organization","@id":"https:\/\/nigroequipamentos.com.br\/conteudo\/#organization","name":"Nigro Equipamentos","url":"https:\/\/nigroequipamentos.com.br\/conteudo\/","logo":{"@type":"ImageObject","inLanguage":"pt-BR","@id":"https:\/\/nigroequipamentos.com.br\/conteudo\/#\/schema\/logo\/image\/","url":"https:\/\/nigroequipamentos.com.br\/conteudo\/wp-content\/uploads\/2024\/10\/nigroequipamentos_logo.webp","contentUrl":"https:\/\/nigroequipamentos.com.br\/conteudo\/wp-content\/uploads\/2024\/10\/nigroequipamentos_logo.webp","width":785,"height":355,"caption":"Nigro Equipamentos"},"image":{"@id":"https:\/\/nigroequipamentos.com.br\/conteudo\/#\/schema\/logo\/image\/"},"sameAs":["https:\/\/www.facebook.com\/nigroequipamentos","https:\/\/www.instagram.com\/nigroequipamentos\/"]},{"@type":"Person","@id":"https:\/\/nigroequipamentos.com.br\/conteudo\/#\/schema\/person\/fcea30745d02308eb99e98a355ab1ca7","name":"admin","image":{"@type":"ImageObject","inLanguage":"pt-BR","@id":"https:\/\/nigroequipamentos.com.br\/conteudo\/#\/schema\/person\/image\/","url":"https:\/\/secure.gravatar.com\/avatar\/8e1e805e3c53d28d73ab302708d1c1b7?s=96&d=mm&r=g","contentUrl":"https:\/\/secure.gravatar.com\/avatar\/8e1e805e3c53d28d73ab302708d1c1b7?s=96&d=mm&r=g","caption":"admin"},"sameAs":["https:\/\/nigroequipamentos.com.br\/conteudo"],"url":"https:\/\/nigroequipamentos.com.br\/conteudo\/author\/admin\/"}]}},"_links":{"self":[{"href":"https:\/\/nigroequipamentos.com.br\/conteudo\/wp-json\/wp\/v2\/posts\/1105","targetHints":{"allow":["GET"]}}],"collection":[{"href":"https:\/\/nigroequipamentos.com.br\/conteudo\/wp-json\/wp\/v2\/posts"}],"about":[{"href":"https:\/\/nigroequipamentos.com.br\/conteudo\/wp-json\/wp\/v2\/types\/post"}],"author":[{"embeddable":true,"href":"https:\/\/nigroequipamentos.com.br\/conteudo\/wp-json\/wp\/v2\/users\/1"}],"replies":[{"embeddable":true,"href":"https:\/\/nigroequipamentos.com.br\/conteudo\/wp-json\/wp\/v2\/comments?post=1105"}],"version-history":[{"count":0,"href":"https:\/\/nigroequipamentos.com.br\/conteudo\/wp-json\/wp\/v2\/posts\/1105\/revisions"}],"wp:featuredmedia":[{"embeddable":true,"href":"https:\/\/nigroequipamentos.com.br\/conteudo\/wp-json\/wp\/v2\/media\/17"}],"wp:attachment":[{"href":"https:\/\/nigroequipamentos.com.br\/conteudo\/wp-json\/wp\/v2\/media?parent=1105"}],"wp:term":[{"taxonomy":"category","embeddable":true,"href":"https:\/\/nigroequipamentos.com.br\/conteudo\/wp-json\/wp\/v2\/categories?post=1105"},{"taxonomy":"post_tag","embeddable":true,"href":"https:\/\/nigroequipamentos.com.br\/conteudo\/wp-json\/wp\/v2\/tags?post=1105"}],"curies":[{"name":"wp","href":"https:\/\/api.w.org\/{rel}","templated":true}]}}