{"id":1078,"date":"2024-10-31T04:44:16","date_gmt":"2024-10-31T07:44:16","guid":{"rendered":"https:\/\/nigroequipamentos.com.br\/conteudo\/tudo-o-que-voce-precisa-saber-sobre-a-empilhadeira-semi-eletrica-paletrans-para-carga-pesada\/"},"modified":"2024-10-31T04:44:16","modified_gmt":"2024-10-31T07:44:16","slug":"tudo-o-que-voce-precisa-saber-sobre-a-empilhadeira-semi-eletrica-paletrans-para-carga-pesada","status":"publish","type":"post","link":"https:\/\/nigroequipamentos.com.br\/conteudo\/tudo-o-que-voce-precisa-saber-sobre-a-empilhadeira-semi-eletrica-paletrans-para-carga-pesada\/","title":{"rendered":"Tudo o que voc\u00ea precisa saber sobre a Empilhadeira Semi-El\u00e9trica Paletrans para Carga Pesada"},"content":{"rendered":"<p><strong>Introdu\u00e7\u00e3o \u00e0 Empilhadeira Semi-El\u00e9trica Paletrans<\/strong><\/p>\n<p>As empilhadeiras s\u00e3o ferramentas essenciais para a movimenta\u00e7\u00e3o de cargas pesadas em diversos setores, desde armaz\u00e9ns at\u00e9 f\u00e1bricas e grandes centros de distribui\u00e7\u00e3o. Entre as diversas op\u00e7\u00f5es dispon\u00edveis, a empilhadeira semi-el\u00e9trica Paletrans se destaca por sua efici\u00eancia, funcionalidade e facilidade de uso.<\/p>\n<p><strong>Por que escolher a Paletrans?<\/strong><\/p>\n<p>A Paletrans \u00e9 uma empilhadeira semi-el\u00e9trica que combina a praticidade de uma paleteira manual com a pot\u00eancia de um sistema el\u00e9trico. Isso significa que, enquanto o operador controla manualmente a movimenta\u00e7\u00e3o da m\u00e1quina, o levantamento das cargas \u00e9 feito por um motor el\u00e9trico, garantindo uma opera\u00e7\u00e3o mais suave e menos cansativa.<\/p>\n<p>Essa combina\u00e7\u00e3o resulta em uma redu\u00e7\u00e3o significativa do esfor\u00e7o f\u00edsico do operador, o que n\u00e3o s\u00f3 otimiza a produtividade como tamb\u00e9m diminui os riscos de les\u00f5es ocupacionais, uma preocupa\u00e7\u00e3o frequente em ambientes de trabalho.<\/p>\n<p><strong>Caracter\u00edsticas Principais da Paletrans<\/strong><\/p>\n<p>As empilhadeiras semi-el\u00e9tricas Paletrans s\u00e3o equipadas com diversas funcionalidades que as tornam ideais para o atendimento de demandas espec\u00edficas no transporte de cargas pesadas:<\/p>\n<p>&#8211; **Capacidade de Carga:** A Paletrans pode suportar cargas de at\u00e9 2500 kg, o que a torna perfeita para manusear mercadorias de grande volume e peso.<\/p>\n<p>&#8211; **Bateria de Longa Dura\u00e7\u00e3o:** Com uma bateria de alta performance, a empilhadeira garante opera\u00e7\u00e3o cont\u00ednua durante longos per\u00edodos, reduzindo a necessidade de recarga frequente.<\/p>\n<p>&#8211; **Design Ergonomicamente Planejado:** O design \u00e9 pensado para facilitar o manuseio, com um tim\u00e3o que proporciona melhor alcance e controle, evitando esfor\u00e7os desnecess\u00e1rios.<\/p>\n<p>&#8211; **Estabilidade:** A estrutura robusta da Paletrans garante a estabilidade durante o transporte e manuseio de cargas, mesmo em ambientes onde o espa\u00e7o \u00e9 limitado.<\/p>\n<p><strong>Vantagens de Utilizar Empilhadeiras Semi-El\u00e9tricas<\/strong><\/p>\n<p>Optar por uma empilhadeira semi-el\u00e9trica como a Paletrans oferece v\u00e1rias vantagens, incluindo:<\/p>\n<p>&#8211; **Efici\u00eancia Operacional:** O motor el\u00e9trico assegura que o levantamento das cargas seja feito de maneira r\u00e1pida e eficiente, aumentando o ritmo de trabalho.<\/p>\n<p>&#8211; **Sustentabilidade:** Por se tratar de um equipamento que utiliza eletricidade, a Paletrans pode ser uma op\u00e7\u00e3o mais sustent\u00e1vel do que as empilhadeiras a combust\u00e3o, contribuindo para a redu\u00e7\u00e3o das emiss\u00f5es de poluentes.<\/p>\n<p>&#8211; **Menores Custos com Combust\u00edvel:** O uso de eletricidade pode resultar em economia em compara\u00e7\u00e3o com o uso de combust\u00edveis f\u00f3sseis, tornando a opera\u00e7\u00e3o mais econ\u00f4mica a longo prazo.<\/p>\n<p><strong>Aplica\u00e7\u00f5es da Paletrans em Diferentes Setores<\/strong><\/p>\n<p>A versatilidade da empilhadeira semi-el\u00e9trica Paletrans faz com que ela seja adequada para diversos setores, como:<\/p>\n<p>&#8211; **Varejo:** Ideal para o manuseio de mercadorias no estoque de lojas e centros de distribui\u00e7\u00e3o.<\/p>\n<p>&#8211; **Ind\u00fastria:** Perfeita para f\u00e1bricas que necessitam transportar mat\u00e9ria-prima e produtos acabados.<\/p>\n<p>&#8211; **Log\u00edstica:** Essencial em opera\u00e7\u00f5es log\u00edsticas onde o movimento r\u00e1pido e eficiente de pallets \u00e9 crucial.<\/p>\n<p><strong>Loca\u00e7\u00e3o e Venda na Nigro Equipamentos<\/strong><\/p>\n<p>A Nigro Equipamentos se destaca no mercado como uma empresa completa e hol\u00edstica na venda e loca\u00e7\u00e3o de equipamentos como a empilhadeira semi-el\u00e9trica Paletrans. Nossa equipe capacitada est\u00e1 pronta para ajudar voc\u00ea a encontrar a melhor solu\u00e7\u00e3o para suas necessidades, seja na aquisi\u00e7\u00e3o ou loca\u00e7\u00e3o de uma das nossas m\u00e1quinas de alta qualidade.<\/p>\n<p>Se voc\u00ea busca efici\u00eancia, qualidade e um atendimento diferenciado, a Nigro Equipamentos \u00e9 a escolha certa. Com um portf\u00f3lio diversificado e suporte t\u00e9cnico especializado, garantimos que sua experi\u00eancia com nossos produtos ser\u00e1 sempre a melhor poss\u00edvel.<\/p>\n<p>N\u00e3o hesite em nos procurar para mais informa\u00e7\u00f5es sobre a empilhadeira semi-el\u00e9trica Paletrans e outros equipamentos dispon\u00edveis para venda e loca\u00e7\u00e3o. Estamos aqui para ajudar voc\u00ea a alcan\u00e7ar os melhores resultados em seus neg\u00f3cios. <BR><BR><br \/>\n________________________<\/p>\n<p><BR><BR><\/p>\n<p>Este conte\u00fado foi desenvolvido pela ag\u00eancia especialista em SEO <a href=\"https:\/\/elevenmind.com.br\/\" target=\"_blank\" rel=\"noopener\">Elevenmind<\/a><\/p>\n","protected":false},"excerpt":{"rendered":"<p>Introdu\u00e7\u00e3o \u00e0 Empilhadeira Semi-El\u00e9trica Paletrans As empilhadeiras s\u00e3o ferramentas essenciais para a movimenta\u00e7\u00e3o de cargas pesadas em diversos setores, desde armaz\u00e9ns at\u00e9 f\u00e1bricas e grandes centros de distribui\u00e7\u00e3o. Entre as diversas op\u00e7\u00f5es dispon\u00edveis, a empilhadeira semi-el\u00e9trica Paletrans se destaca por sua efici\u00eancia, funcionalidade e facilidade de uso. Por que escolher a Paletrans? A Paletrans \u00e9&hellip;&nbsp;<a href=\"https:\/\/nigroequipamentos.com.br\/conteudo\/tudo-o-que-voce-precisa-saber-sobre-a-empilhadeira-semi-eletrica-paletrans-para-carga-pesada\/\" class=\"\" rel=\"bookmark\">Continue a ler &raquo;<span class=\"screen-reader-text\">Tudo o que voc\u00ea precisa saber sobre a Empilhadeira Semi-El\u00e9trica Paletrans para Carga Pesada<\/span><\/a><\/p>\n","protected":false},"author":1,"featured_media":17,"comment_status":"","ping_status":"open","sticky":false,"template":"","format":"standard","meta":{"_acf_changed":false,"_yoast_wpseo_focuskw":"empilhadeira semi-el\u00e9trica Paletrans","_yoast_wpseo_title":"Empilhadeira Semi-El\u00e9trica Paletrans: Efici\u00eancia e Versatilidade para Carga Pesada","_yoast_wpseo_metadesc":"Descubra tudo sobre a empilhadeira semi-el\u00e9trica Paletrans, sua efici\u00eancia, caracter\u00edsticas e vantagens para cargas pesadas. Conhe\u00e7a a Nigro Equipamentos.","neve_meta_sidebar":"","neve_meta_container":"","neve_meta_enable_content_width":"","neve_meta_content_width":0,"neve_meta_title_alignment":"","neve_meta_author_avatar":"","neve_post_elements_order":"","neve_meta_disable_header":"","neve_meta_disable_footer":"","neve_meta_disable_title":"","footnotes":""},"categories":[6],"tags":[],"class_list":["post-1078","post","type-post","status-publish","format-standard","has-post-thumbnail","hentry","category-paletrans"],"acf":[],"yoast_head":"<!-- This site is optimized with the Yoast SEO Premium plugin v18.3 (Yoast SEO v23.4) - https:\/\/yoast.com\/wordpress\/plugins\/seo\/ -->\n<title>Empilhadeira Semi-El\u00e9trica Paletrans: Efici\u00eancia e Versatilidade para Carga Pesada<\/title>\n<meta name=\"description\" content=\"Descubra tudo sobre a empilhadeira semi-el\u00e9trica Paletrans, sua efici\u00eancia, caracter\u00edsticas e vantagens para cargas pesadas. Conhe\u00e7a a Nigro Equipamentos.\" \/>\n<meta name=\"robots\" content=\"index, follow, max-snippet:-1, max-image-preview:large, max-video-preview:-1\" \/>\n<link rel=\"canonical\" href=\"https:\/\/nigroequipamentos.com.br\/conteudo\/tudo-o-que-voce-precisa-saber-sobre-a-empilhadeira-semi-eletrica-paletrans-para-carga-pesada\/\" \/>\n<meta property=\"og:locale\" content=\"pt_BR\" \/>\n<meta property=\"og:type\" content=\"article\" \/>\n<meta property=\"og:title\" content=\"Tudo o que voc\u00ea precisa saber sobre a Empilhadeira Semi-El\u00e9trica Paletrans para Carga Pesada\" \/>\n<meta property=\"og:description\" content=\"Descubra tudo sobre a empilhadeira semi-el\u00e9trica Paletrans, sua efici\u00eancia, caracter\u00edsticas e vantagens para cargas pesadas. Conhe\u00e7a a Nigro Equipamentos.\" \/>\n<meta property=\"og:url\" content=\"https:\/\/nigroequipamentos.com.br\/conteudo\/tudo-o-que-voce-precisa-saber-sobre-a-empilhadeira-semi-eletrica-paletrans-para-carga-pesada\/\" \/>\n<meta property=\"og:site_name\" content=\"Nigro Equipamentos\" \/>\n<meta property=\"article:publisher\" content=\"https:\/\/www.facebook.com\/nigroequipamentos\" \/>\n<meta property=\"article:published_time\" content=\"2024-10-31T07:44:16+00:00\" \/>\n<meta property=\"og:image\" content=\"https:\/\/nigroequipamentos.com.br\/conteudo\/wp-content\/uploads\/2024\/10\/nigro-equipamentos.webp\" \/>\n\t<meta property=\"og:image:width\" content=\"1200\" \/>\n\t<meta property=\"og:image:height\" content=\"678\" \/>\n\t<meta property=\"og:image:type\" content=\"image\/webp\" \/>\n<meta name=\"author\" content=\"admin\" \/>\n<meta name=\"twitter:card\" content=\"summary_large_image\" \/>\n<meta name=\"twitter:label1\" content=\"Escrito por\" \/>\n\t<meta name=\"twitter:data1\" content=\"admin\" \/>\n\t<meta name=\"twitter:label2\" content=\"Est. tempo de leitura\" \/>\n\t<meta name=\"twitter:data2\" content=\"3 minutos\" \/>\n<script type=\"application\/ld+json\" class=\"yoast-schema-graph\">{\"@context\":\"https:\/\/schema.org\",\"@graph\":[{\"@type\":\"Article\",\"@id\":\"https:\/\/nigroequipamentos.com.br\/conteudo\/tudo-o-que-voce-precisa-saber-sobre-a-empilhadeira-semi-eletrica-paletrans-para-carga-pesada\/#article\",\"isPartOf\":{\"@id\":\"https:\/\/nigroequipamentos.com.br\/conteudo\/tudo-o-que-voce-precisa-saber-sobre-a-empilhadeira-semi-eletrica-paletrans-para-carga-pesada\/\"},\"author\":{\"name\":\"admin\",\"@id\":\"https:\/\/nigroequipamentos.com.br\/conteudo\/#\/schema\/person\/fcea30745d02308eb99e98a355ab1ca7\"},\"headline\":\"Tudo o que voc\u00ea precisa saber sobre a Empilhadeira Semi-El\u00e9trica Paletrans para Carga Pesada\",\"datePublished\":\"2024-10-31T07:44:16+00:00\",\"dateModified\":\"2024-10-31T07:44:16+00:00\",\"mainEntityOfPage\":{\"@id\":\"https:\/\/nigroequipamentos.com.br\/conteudo\/tudo-o-que-voce-precisa-saber-sobre-a-empilhadeira-semi-eletrica-paletrans-para-carga-pesada\/\"},\"wordCount\":667,\"publisher\":{\"@id\":\"https:\/\/nigroequipamentos.com.br\/conteudo\/#organization\"},\"image\":{\"@id\":\"https:\/\/nigroequipamentos.com.br\/conteudo\/tudo-o-que-voce-precisa-saber-sobre-a-empilhadeira-semi-eletrica-paletrans-para-carga-pesada\/#primaryimage\"},\"thumbnailUrl\":\"https:\/\/nigroequipamentos.com.br\/conteudo\/wp-content\/uploads\/2024\/10\/nigro-equipamentos.webp\",\"articleSection\":[\"Paletrans\"],\"inLanguage\":\"pt-BR\"},{\"@type\":\"WebPage\",\"@id\":\"https:\/\/nigroequipamentos.com.br\/conteudo\/tudo-o-que-voce-precisa-saber-sobre-a-empilhadeira-semi-eletrica-paletrans-para-carga-pesada\/\",\"url\":\"https:\/\/nigroequipamentos.com.br\/conteudo\/tudo-o-que-voce-precisa-saber-sobre-a-empilhadeira-semi-eletrica-paletrans-para-carga-pesada\/\",\"name\":\"Empilhadeira Semi-El\u00e9trica Paletrans: Efici\u00eancia e Versatilidade para Carga Pesada\",\"isPartOf\":{\"@id\":\"https:\/\/nigroequipamentos.com.br\/conteudo\/#website\"},\"primaryImageOfPage\":{\"@id\":\"https:\/\/nigroequipamentos.com.br\/conteudo\/tudo-o-que-voce-precisa-saber-sobre-a-empilhadeira-semi-eletrica-paletrans-para-carga-pesada\/#primaryimage\"},\"image\":{\"@id\":\"https:\/\/nigroequipamentos.com.br\/conteudo\/tudo-o-que-voce-precisa-saber-sobre-a-empilhadeira-semi-eletrica-paletrans-para-carga-pesada\/#primaryimage\"},\"thumbnailUrl\":\"https:\/\/nigroequipamentos.com.br\/conteudo\/wp-content\/uploads\/2024\/10\/nigro-equipamentos.webp\",\"datePublished\":\"2024-10-31T07:44:16+00:00\",\"dateModified\":\"2024-10-31T07:44:16+00:00\",\"description\":\"Descubra tudo sobre a empilhadeira semi-el\u00e9trica Paletrans, sua efici\u00eancia, caracter\u00edsticas e vantagens para cargas pesadas. Conhe\u00e7a a Nigro Equipamentos.\",\"breadcrumb\":{\"@id\":\"https:\/\/nigroequipamentos.com.br\/conteudo\/tudo-o-que-voce-precisa-saber-sobre-a-empilhadeira-semi-eletrica-paletrans-para-carga-pesada\/#breadcrumb\"},\"inLanguage\":\"pt-BR\",\"potentialAction\":[{\"@type\":\"ReadAction\",\"target\":[\"https:\/\/nigroequipamentos.com.br\/conteudo\/tudo-o-que-voce-precisa-saber-sobre-a-empilhadeira-semi-eletrica-paletrans-para-carga-pesada\/\"]}]},{\"@type\":\"ImageObject\",\"inLanguage\":\"pt-BR\",\"@id\":\"https:\/\/nigroequipamentos.com.br\/conteudo\/tudo-o-que-voce-precisa-saber-sobre-a-empilhadeira-semi-eletrica-paletrans-para-carga-pesada\/#primaryimage\",\"url\":\"https:\/\/nigroequipamentos.com.br\/conteudo\/wp-content\/uploads\/2024\/10\/nigro-equipamentos.webp\",\"contentUrl\":\"https:\/\/nigroequipamentos.com.br\/conteudo\/wp-content\/uploads\/2024\/10\/nigro-equipamentos.webp\",\"width\":1200,\"height\":678},{\"@type\":\"BreadcrumbList\",\"@id\":\"https:\/\/nigroequipamentos.com.br\/conteudo\/tudo-o-que-voce-precisa-saber-sobre-a-empilhadeira-semi-eletrica-paletrans-para-carga-pesada\/#breadcrumb\",\"itemListElement\":[{\"@type\":\"ListItem\",\"position\":1,\"name\":\"In\u00edcio\",\"item\":\"https:\/\/nigroequipamentos.com.br\/conteudo\/\"},{\"@type\":\"ListItem\",\"position\":2,\"name\":\"Tudo o que voc\u00ea precisa saber sobre a Empilhadeira Semi-El\u00e9trica Paletrans para Carga Pesada\"}]},{\"@type\":\"WebSite\",\"@id\":\"https:\/\/nigroequipamentos.com.br\/conteudo\/#website\",\"url\":\"https:\/\/nigroequipamentos.com.br\/conteudo\/\",\"name\":\"Nigro Equipamentos\",\"description\":\"Loca\u00e7\u00e3o e Vendas\",\"publisher\":{\"@id\":\"https:\/\/nigroequipamentos.com.br\/conteudo\/#organization\"},\"potentialAction\":[{\"@type\":\"SearchAction\",\"target\":{\"@type\":\"EntryPoint\",\"urlTemplate\":\"https:\/\/nigroequipamentos.com.br\/conteudo\/?s={search_term_string}\"},\"query-input\":{\"@type\":\"PropertyValueSpecification\",\"valueRequired\":true,\"valueName\":\"search_term_string\"}}],\"inLanguage\":\"pt-BR\"},{\"@type\":\"Organization\",\"@id\":\"https:\/\/nigroequipamentos.com.br\/conteudo\/#organization\",\"name\":\"Nigro Equipamentos\",\"url\":\"https:\/\/nigroequipamentos.com.br\/conteudo\/\",\"logo\":{\"@type\":\"ImageObject\",\"inLanguage\":\"pt-BR\",\"@id\":\"https:\/\/nigroequipamentos.com.br\/conteudo\/#\/schema\/logo\/image\/\",\"url\":\"https:\/\/nigroequipamentos.com.br\/conteudo\/wp-content\/uploads\/2024\/10\/nigroequipamentos_logo.webp\",\"contentUrl\":\"https:\/\/nigroequipamentos.com.br\/conteudo\/wp-content\/uploads\/2024\/10\/nigroequipamentos_logo.webp\",\"width\":785,\"height\":355,\"caption\":\"Nigro Equipamentos\"},\"image\":{\"@id\":\"https:\/\/nigroequipamentos.com.br\/conteudo\/#\/schema\/logo\/image\/\"},\"sameAs\":[\"https:\/\/www.facebook.com\/nigroequipamentos\",\"https:\/\/www.instagram.com\/nigroequipamentos\/\"]},{\"@type\":\"Person\",\"@id\":\"https:\/\/nigroequipamentos.com.br\/conteudo\/#\/schema\/person\/fcea30745d02308eb99e98a355ab1ca7\",\"name\":\"admin\",\"image\":{\"@type\":\"ImageObject\",\"inLanguage\":\"pt-BR\",\"@id\":\"https:\/\/nigroequipamentos.com.br\/conteudo\/#\/schema\/person\/image\/\",\"url\":\"https:\/\/secure.gravatar.com\/avatar\/8e1e805e3c53d28d73ab302708d1c1b7?s=96&d=mm&r=g\",\"contentUrl\":\"https:\/\/secure.gravatar.com\/avatar\/8e1e805e3c53d28d73ab302708d1c1b7?s=96&d=mm&r=g\",\"caption\":\"admin\"},\"sameAs\":[\"https:\/\/nigroequipamentos.com.br\/conteudo\"],\"url\":\"https:\/\/nigroequipamentos.com.br\/conteudo\/author\/admin\/\"}]}<\/script>\n<!-- \/ Yoast SEO Premium plugin. -->","yoast_head_json":{"title":"Empilhadeira Semi-El\u00e9trica Paletrans: Efici\u00eancia e Versatilidade para Carga Pesada","description":"Descubra tudo sobre a empilhadeira semi-el\u00e9trica Paletrans, sua efici\u00eancia, caracter\u00edsticas e vantagens para cargas pesadas. Conhe\u00e7a a Nigro Equipamentos.","robots":{"index":"index","follow":"follow","max-snippet":"max-snippet:-1","max-image-preview":"max-image-preview:large","max-video-preview":"max-video-preview:-1"},"canonical":"https:\/\/nigroequipamentos.com.br\/conteudo\/tudo-o-que-voce-precisa-saber-sobre-a-empilhadeira-semi-eletrica-paletrans-para-carga-pesada\/","og_locale":"pt_BR","og_type":"article","og_title":"Tudo o que voc\u00ea precisa saber sobre a Empilhadeira Semi-El\u00e9trica Paletrans para Carga Pesada","og_description":"Descubra tudo sobre a empilhadeira semi-el\u00e9trica Paletrans, sua efici\u00eancia, caracter\u00edsticas e vantagens para cargas pesadas. Conhe\u00e7a a Nigro Equipamentos.","og_url":"https:\/\/nigroequipamentos.com.br\/conteudo\/tudo-o-que-voce-precisa-saber-sobre-a-empilhadeira-semi-eletrica-paletrans-para-carga-pesada\/","og_site_name":"Nigro Equipamentos","article_publisher":"https:\/\/www.facebook.com\/nigroequipamentos","article_published_time":"2024-10-31T07:44:16+00:00","og_image":[{"width":1200,"height":678,"url":"https:\/\/nigroequipamentos.com.br\/conteudo\/wp-content\/uploads\/2024\/10\/nigro-equipamentos.webp","type":"image\/webp"}],"author":"admin","twitter_card":"summary_large_image","twitter_misc":{"Escrito por":"admin","Est. tempo de leitura":"3 minutos"},"schema":{"@context":"https:\/\/schema.org","@graph":[{"@type":"Article","@id":"https:\/\/nigroequipamentos.com.br\/conteudo\/tudo-o-que-voce-precisa-saber-sobre-a-empilhadeira-semi-eletrica-paletrans-para-carga-pesada\/#article","isPartOf":{"@id":"https:\/\/nigroequipamentos.com.br\/conteudo\/tudo-o-que-voce-precisa-saber-sobre-a-empilhadeira-semi-eletrica-paletrans-para-carga-pesada\/"},"author":{"name":"admin","@id":"https:\/\/nigroequipamentos.com.br\/conteudo\/#\/schema\/person\/fcea30745d02308eb99e98a355ab1ca7"},"headline":"Tudo o que voc\u00ea precisa saber sobre a Empilhadeira Semi-El\u00e9trica Paletrans para Carga Pesada","datePublished":"2024-10-31T07:44:16+00:00","dateModified":"2024-10-31T07:44:16+00:00","mainEntityOfPage":{"@id":"https:\/\/nigroequipamentos.com.br\/conteudo\/tudo-o-que-voce-precisa-saber-sobre-a-empilhadeira-semi-eletrica-paletrans-para-carga-pesada\/"},"wordCount":667,"publisher":{"@id":"https:\/\/nigroequipamentos.com.br\/conteudo\/#organization"},"image":{"@id":"https:\/\/nigroequipamentos.com.br\/conteudo\/tudo-o-que-voce-precisa-saber-sobre-a-empilhadeira-semi-eletrica-paletrans-para-carga-pesada\/#primaryimage"},"thumbnailUrl":"https:\/\/nigroequipamentos.com.br\/conteudo\/wp-content\/uploads\/2024\/10\/nigro-equipamentos.webp","articleSection":["Paletrans"],"inLanguage":"pt-BR"},{"@type":"WebPage","@id":"https:\/\/nigroequipamentos.com.br\/conteudo\/tudo-o-que-voce-precisa-saber-sobre-a-empilhadeira-semi-eletrica-paletrans-para-carga-pesada\/","url":"https:\/\/nigroequipamentos.com.br\/conteudo\/tudo-o-que-voce-precisa-saber-sobre-a-empilhadeira-semi-eletrica-paletrans-para-carga-pesada\/","name":"Empilhadeira Semi-El\u00e9trica Paletrans: Efici\u00eancia e Versatilidade para Carga Pesada","isPartOf":{"@id":"https:\/\/nigroequipamentos.com.br\/conteudo\/#website"},"primaryImageOfPage":{"@id":"https:\/\/nigroequipamentos.com.br\/conteudo\/tudo-o-que-voce-precisa-saber-sobre-a-empilhadeira-semi-eletrica-paletrans-para-carga-pesada\/#primaryimage"},"image":{"@id":"https:\/\/nigroequipamentos.com.br\/conteudo\/tudo-o-que-voce-precisa-saber-sobre-a-empilhadeira-semi-eletrica-paletrans-para-carga-pesada\/#primaryimage"},"thumbnailUrl":"https:\/\/nigroequipamentos.com.br\/conteudo\/wp-content\/uploads\/2024\/10\/nigro-equipamentos.webp","datePublished":"2024-10-31T07:44:16+00:00","dateModified":"2024-10-31T07:44:16+00:00","description":"Descubra tudo sobre a empilhadeira semi-el\u00e9trica Paletrans, sua efici\u00eancia, caracter\u00edsticas e vantagens para cargas pesadas. Conhe\u00e7a a Nigro Equipamentos.","breadcrumb":{"@id":"https:\/\/nigroequipamentos.com.br\/conteudo\/tudo-o-que-voce-precisa-saber-sobre-a-empilhadeira-semi-eletrica-paletrans-para-carga-pesada\/#breadcrumb"},"inLanguage":"pt-BR","potentialAction":[{"@type":"ReadAction","target":["https:\/\/nigroequipamentos.com.br\/conteudo\/tudo-o-que-voce-precisa-saber-sobre-a-empilhadeira-semi-eletrica-paletrans-para-carga-pesada\/"]}]},{"@type":"ImageObject","inLanguage":"pt-BR","@id":"https:\/\/nigroequipamentos.com.br\/conteudo\/tudo-o-que-voce-precisa-saber-sobre-a-empilhadeira-semi-eletrica-paletrans-para-carga-pesada\/#primaryimage","url":"https:\/\/nigroequipamentos.com.br\/conteudo\/wp-content\/uploads\/2024\/10\/nigro-equipamentos.webp","contentUrl":"https:\/\/nigroequipamentos.com.br\/conteudo\/wp-content\/uploads\/2024\/10\/nigro-equipamentos.webp","width":1200,"height":678},{"@type":"BreadcrumbList","@id":"https:\/\/nigroequipamentos.com.br\/conteudo\/tudo-o-que-voce-precisa-saber-sobre-a-empilhadeira-semi-eletrica-paletrans-para-carga-pesada\/#breadcrumb","itemListElement":[{"@type":"ListItem","position":1,"name":"In\u00edcio","item":"https:\/\/nigroequipamentos.com.br\/conteudo\/"},{"@type":"ListItem","position":2,"name":"Tudo o que voc\u00ea precisa saber sobre a Empilhadeira Semi-El\u00e9trica Paletrans para Carga Pesada"}]},{"@type":"WebSite","@id":"https:\/\/nigroequipamentos.com.br\/conteudo\/#website","url":"https:\/\/nigroequipamentos.com.br\/conteudo\/","name":"Nigro Equipamentos","description":"Loca\u00e7\u00e3o e Vendas","publisher":{"@id":"https:\/\/nigroequipamentos.com.br\/conteudo\/#organization"},"potentialAction":[{"@type":"SearchAction","target":{"@type":"EntryPoint","urlTemplate":"https:\/\/nigroequipamentos.com.br\/conteudo\/?s={search_term_string}"},"query-input":{"@type":"PropertyValueSpecification","valueRequired":true,"valueName":"search_term_string"}}],"inLanguage":"pt-BR"},{"@type":"Organization","@id":"https:\/\/nigroequipamentos.com.br\/conteudo\/#organization","name":"Nigro Equipamentos","url":"https:\/\/nigroequipamentos.com.br\/conteudo\/","logo":{"@type":"ImageObject","inLanguage":"pt-BR","@id":"https:\/\/nigroequipamentos.com.br\/conteudo\/#\/schema\/logo\/image\/","url":"https:\/\/nigroequipamentos.com.br\/conteudo\/wp-content\/uploads\/2024\/10\/nigroequipamentos_logo.webp","contentUrl":"https:\/\/nigroequipamentos.com.br\/conteudo\/wp-content\/uploads\/2024\/10\/nigroequipamentos_logo.webp","width":785,"height":355,"caption":"Nigro Equipamentos"},"image":{"@id":"https:\/\/nigroequipamentos.com.br\/conteudo\/#\/schema\/logo\/image\/"},"sameAs":["https:\/\/www.facebook.com\/nigroequipamentos","https:\/\/www.instagram.com\/nigroequipamentos\/"]},{"@type":"Person","@id":"https:\/\/nigroequipamentos.com.br\/conteudo\/#\/schema\/person\/fcea30745d02308eb99e98a355ab1ca7","name":"admin","image":{"@type":"ImageObject","inLanguage":"pt-BR","@id":"https:\/\/nigroequipamentos.com.br\/conteudo\/#\/schema\/person\/image\/","url":"https:\/\/secure.gravatar.com\/avatar\/8e1e805e3c53d28d73ab302708d1c1b7?s=96&d=mm&r=g","contentUrl":"https:\/\/secure.gravatar.com\/avatar\/8e1e805e3c53d28d73ab302708d1c1b7?s=96&d=mm&r=g","caption":"admin"},"sameAs":["https:\/\/nigroequipamentos.com.br\/conteudo"],"url":"https:\/\/nigroequipamentos.com.br\/conteudo\/author\/admin\/"}]}},"_links":{"self":[{"href":"https:\/\/nigroequipamentos.com.br\/conteudo\/wp-json\/wp\/v2\/posts\/1078","targetHints":{"allow":["GET"]}}],"collection":[{"href":"https:\/\/nigroequipamentos.com.br\/conteudo\/wp-json\/wp\/v2\/posts"}],"about":[{"href":"https:\/\/nigroequipamentos.com.br\/conteudo\/wp-json\/wp\/v2\/types\/post"}],"author":[{"embeddable":true,"href":"https:\/\/nigroequipamentos.com.br\/conteudo\/wp-json\/wp\/v2\/users\/1"}],"replies":[{"embeddable":true,"href":"https:\/\/nigroequipamentos.com.br\/conteudo\/wp-json\/wp\/v2\/comments?post=1078"}],"version-history":[{"count":0,"href":"https:\/\/nigroequipamentos.com.br\/conteudo\/wp-json\/wp\/v2\/posts\/1078\/revisions"}],"wp:featuredmedia":[{"embeddable":true,"href":"https:\/\/nigroequipamentos.com.br\/conteudo\/wp-json\/wp\/v2\/media\/17"}],"wp:attachment":[{"href":"https:\/\/nigroequipamentos.com.br\/conteudo\/wp-json\/wp\/v2\/media?parent=1078"}],"wp:term":[{"taxonomy":"category","embeddable":true,"href":"https:\/\/nigroequipamentos.com.br\/conteudo\/wp-json\/wp\/v2\/categories?post=1078"},{"taxonomy":"post_tag","embeddable":true,"href":"https:\/\/nigroequipamentos.com.br\/conteudo\/wp-json\/wp\/v2\/tags?post=1078"}],"curies":[{"name":"wp","href":"https:\/\/api.w.org\/{rel}","templated":true}]}}