{"id":105943,"date":"2026-04-27T10:01:13","date_gmt":"2026-04-27T13:01:13","guid":{"rendered":"https:\/\/nigroequipamentos.com.br\/conteudo\/o-poder-da-empilhadeira-retratil-usada-em-recife-eficiencia-e-economia-em-estoques\/"},"modified":"2026-04-27T10:01:13","modified_gmt":"2026-04-27T13:01:13","slug":"o-poder-da-empilhadeira-retratil-usada-em-recife-eficiencia-e-economia-em-estoques","status":"publish","type":"post","link":"https:\/\/nigroequipamentos.com.br\/conteudo\/o-poder-da-empilhadeira-retratil-usada-em-recife-eficiencia-e-economia-em-estoques\/","title":{"rendered":"O Poder da Empilhadeira Retr\u00e1til Usada em Recife: Efici\u00eancia e Economia em Estoques"},"content":{"rendered":"<p>A log\u00edstica e o transporte de cargas s\u00e3o elementos fundamentais para o sucesso de qualquer neg\u00f3cio, especialmente em uma cidade como Recife, onde a movimenta\u00e7\u00e3o de produtos \u00e9 constante. Neste cen\u00e1rio, as empilhadeiras retr\u00e1teis se destacam como uma solu\u00e7\u00e3o pr\u00e1tica e eficiente para otimizar espa\u00e7os em armaz\u00e9ns e galp\u00f5es. Mas por que optar por uma empilhadeira retr\u00e1til usada? Vamos explorar esse tema e entender suas vantagens.<\/p>\n<p><strong>O Que \u00e9 uma Empilhadeira Retr\u00e1til?<\/strong><\/p>\n<p>As empilhadeiras retr\u00e1teis s\u00e3o projetadas para operar em corredores estreitos e empilhar paletes em grandes alturas. Equipadas com uma estrutura que permite a movimenta\u00e7\u00e3o da fornida para frente e para tr\u00e1s, essas m\u00e1quinas s\u00e3o ideais para maximizar o uso do espa\u00e7o vertical, algo essencial em armaz\u00e9ns com \u00e1rea reduzida.<\/p>\n<p><strong>Vantagens da Empilhadeira Retr\u00e1til Usada<\/strong><\/p>\n<p>Optar por uma empilhadeira retr\u00e1til usada traz uma s\u00e9rie de benef\u00edcios. Primeiramente, o custo reduzido em compara\u00e7\u00e3o com uma m\u00e1quina nova \u00e9 um fator atrativo. Empresas como a Nigro Equipamentos oferecem op\u00e7\u00f5es de equipamentos usados que ainda apresentam alta performance e qualidade, permitindo que seus clientes economizem sem abrir m\u00e3o da efici\u00eancia.<\/p>\n<p>Al\u00e9m disso, as empilhadeiras usadas passam por rigorosos processos de manuten\u00e7\u00e3o e inspe\u00e7\u00e3o, garantindo seguran\u00e7a e confiabilidade na opera\u00e7\u00e3o. Esses cuidados s\u00e3o primordiais para evitar acidentes e garantir a continuidade do trabalho no dia a dia.<\/p>\n<p><strong>O Processo de Aquisi\u00e7\u00e3o em Recife<\/strong><\/p>\n<p>Na cidade de Recife, a demanda por empilhadeiras retr\u00e1teis usadas tem crescido consideravelmente. Muitas empresas est\u00e3o em busca de solu\u00e7\u00f5es inovadoras que traga efici\u00eancia ao armazenamento. Ao optar pela compra ou loca\u00e7\u00e3o desse equipamento, \u00e9 importante consultar especialistas que possam oferecer orienta\u00e7\u00e3o personalizada.<\/p>\n<p><strong>Loca\u00e7\u00e3o: Uma Op\u00e7\u00e3o Flex\u00edvel<\/strong><\/p>\n<p>Para empresas que precisam de flexibilidade, a loca\u00e7\u00e3o de empilhadeiras retr\u00e1teis \u00e9 uma op\u00e7\u00e3o a ser considerada. Esse servi\u00e7o, oferecido pela Nigro Equipamentos, permite que as empresas atendam a picos de demanda sem ter que realizar um investimento alto na compra. Al\u00e9m disso, a loca\u00e7\u00e3o de equipamentos usados costuma ser mais acess\u00edvel, permitindo uma gest\u00e3o de custos mais eficiente.<\/p>\n<p><strong>A Nigro Equipamentos e a Solu\u00e7\u00e3o Ideal para Voc\u00ea<\/strong><\/p>\n<p>A Nigro Equipamentos se destaca no mercado como uma empresa completa e hol\u00edstica na venda e loca\u00e7\u00e3o de equipamentos. Com um portf\u00f3lio vasto que inclui empilhadeiras retr\u00e1teis usadas de diferentes marcas e modelos, a empresa \u00e9 capaz de atender a diversas necessidades log\u00edsticas. <\/p>\n<p>Al\u00e9m disso, a Nigro Equipamentos n\u00e3o se limita apenas \u00e0 venda e loca\u00e7\u00e3o, mas tamb\u00e9m oferece suporte t\u00e9cnico e manuten\u00e7\u00e3o, assegurando que seus equipamentos estejam sempre prontos para o uso. Dessa forma, a empresa se posiciona como uma parceira estrat\u00e9gica para neg\u00f3cios em Recife.<\/p>\n<p><strong>Palavras Finais<\/strong><\/p>\n<p>Se voc\u00ea est\u00e1 em busca de empilhadeiras retr\u00e1teis usadas em Recife, considere a Nigro Equipamentos como sua melhor op\u00e7\u00e3o. Com um compromisso com a qualidade e um atendimento de excel\u00eancia, a empresa \u00e9 a escolha certa para melhorar a efici\u00eancia do seu neg\u00f3cio, proporcionando economia e seguran\u00e7a nas opera\u00e7\u00f5es. N\u00e3o hesite em entrar em contato e descobrir como a Nigro Equipamentos pode auxiliar o seu empreendimento na busca por solu\u00e7\u00f5es em movimenta\u00e7\u00e3o de cargas.<\/p>\n","protected":false},"excerpt":{"rendered":"<p>A log\u00edstica e o transporte de cargas s\u00e3o elementos fundamentais para o sucesso de qualquer neg\u00f3cio, especialmente em uma cidade como Recife, onde a movimenta\u00e7\u00e3o de produtos \u00e9 constante. Neste cen\u00e1rio, as empilhadeiras retr\u00e1teis se destacam como uma solu\u00e7\u00e3o pr\u00e1tica e eficiente para otimizar espa\u00e7os em armaz\u00e9ns e galp\u00f5es. Mas por que optar por uma&hellip;&nbsp;<a href=\"https:\/\/nigroequipamentos.com.br\/conteudo\/o-poder-da-empilhadeira-retratil-usada-em-recife-eficiencia-e-economia-em-estoques\/\" class=\"\" rel=\"bookmark\">Continue a ler &raquo;<span class=\"screen-reader-text\">O Poder da Empilhadeira Retr\u00e1til Usada em Recife: Efici\u00eancia e Economia em Estoques<\/span><\/a><\/p>\n","protected":false},"author":1,"featured_media":17,"comment_status":"","ping_status":"open","sticky":false,"template":"","format":"standard","meta":{"_acf_changed":false,"_yoast_wpseo_focuskw":"empilhadeira retr\u00e1til usada Recife","_yoast_wpseo_title":"Empilhadeira Retr\u00e1til Usada em Recife: A Solu\u00e7\u00e3o Perfeita para Armaz\u00e9ns","_yoast_wpseo_metadesc":"Descubra as vantagens da empilhadeira retr\u00e1til usada em Recife. Conhe\u00e7a a Nigro Equipamentos, refer\u00eancia em venda e loca\u00e7\u00e3o de equipamentos.","neve_meta_sidebar":"","neve_meta_container":"","neve_meta_enable_content_width":"","neve_meta_content_width":0,"neve_meta_title_alignment":"","neve_meta_author_avatar":"","neve_post_elements_order":"","neve_meta_disable_header":"","neve_meta_disable_footer":"","neve_meta_disable_title":"","footnotes":""},"categories":[5],"tags":[],"class_list":["post-105943","post","type-post","status-publish","format-standard","has-post-thumbnail","hentry","category-recife"],"acf":[],"yoast_head":"<!-- This site is optimized with the Yoast SEO Premium plugin v18.3 (Yoast SEO v23.4) - https:\/\/yoast.com\/wordpress\/plugins\/seo\/ -->\n<title>Empilhadeira Retr\u00e1til Usada em Recife: A Solu\u00e7\u00e3o Perfeita para Armaz\u00e9ns<\/title>\n<meta name=\"description\" content=\"Descubra as vantagens da empilhadeira retr\u00e1til usada em Recife. Conhe\u00e7a a Nigro Equipamentos, refer\u00eancia em venda e loca\u00e7\u00e3o de equipamentos.\" \/>\n<meta name=\"robots\" content=\"index, follow, max-snippet:-1, max-image-preview:large, max-video-preview:-1\" \/>\n<link rel=\"canonical\" href=\"https:\/\/nigroequipamentos.com.br\/conteudo\/o-poder-da-empilhadeira-retratil-usada-em-recife-eficiencia-e-economia-em-estoques\/\" \/>\n<meta property=\"og:locale\" content=\"pt_BR\" \/>\n<meta property=\"og:type\" content=\"article\" \/>\n<meta property=\"og:title\" content=\"O Poder da Empilhadeira Retr\u00e1til Usada em Recife: Efici\u00eancia e Economia em Estoques\" \/>\n<meta property=\"og:description\" content=\"Descubra as vantagens da empilhadeira retr\u00e1til usada em Recife. Conhe\u00e7a a Nigro Equipamentos, refer\u00eancia em venda e loca\u00e7\u00e3o de equipamentos.\" \/>\n<meta property=\"og:url\" content=\"https:\/\/nigroequipamentos.com.br\/conteudo\/o-poder-da-empilhadeira-retratil-usada-em-recife-eficiencia-e-economia-em-estoques\/\" \/>\n<meta property=\"og:site_name\" content=\"Nigro Equipamentos\" \/>\n<meta property=\"article:publisher\" content=\"https:\/\/www.facebook.com\/nigroequipamentos\" \/>\n<meta property=\"article:published_time\" content=\"2026-04-27T13:01:13+00:00\" \/>\n<meta property=\"og:image\" content=\"https:\/\/nigroequipamentos.com.br\/conteudo\/wp-content\/uploads\/2024\/10\/nigro-equipamentos.webp\" \/>\n\t<meta property=\"og:image:width\" content=\"1200\" \/>\n\t<meta property=\"og:image:height\" content=\"678\" \/>\n\t<meta property=\"og:image:type\" content=\"image\/webp\" \/>\n<meta name=\"author\" content=\"admin\" \/>\n<meta name=\"twitter:card\" content=\"summary_large_image\" \/>\n<meta name=\"twitter:label1\" content=\"Escrito por\" \/>\n\t<meta name=\"twitter:data1\" content=\"admin\" \/>\n\t<meta name=\"twitter:label2\" content=\"Est. tempo de leitura\" \/>\n\t<meta name=\"twitter:data2\" content=\"3 minutos\" \/>\n<script type=\"application\/ld+json\" class=\"yoast-schema-graph\">{\"@context\":\"https:\/\/schema.org\",\"@graph\":[{\"@type\":\"Article\",\"@id\":\"https:\/\/nigroequipamentos.com.br\/conteudo\/o-poder-da-empilhadeira-retratil-usada-em-recife-eficiencia-e-economia-em-estoques\/#article\",\"isPartOf\":{\"@id\":\"https:\/\/nigroequipamentos.com.br\/conteudo\/o-poder-da-empilhadeira-retratil-usada-em-recife-eficiencia-e-economia-em-estoques\/\"},\"author\":{\"name\":\"admin\",\"@id\":\"https:\/\/nigroequipamentos.com.br\/conteudo\/#\/schema\/person\/fcea30745d02308eb99e98a355ab1ca7\"},\"headline\":\"O Poder da Empilhadeira Retr\u00e1til Usada em Recife: Efici\u00eancia e Economia em Estoques\",\"datePublished\":\"2026-04-27T13:01:13+00:00\",\"dateModified\":\"2026-04-27T13:01:13+00:00\",\"mainEntityOfPage\":{\"@id\":\"https:\/\/nigroequipamentos.com.br\/conteudo\/o-poder-da-empilhadeira-retratil-usada-em-recife-eficiencia-e-economia-em-estoques\/\"},\"wordCount\":583,\"publisher\":{\"@id\":\"https:\/\/nigroequipamentos.com.br\/conteudo\/#organization\"},\"image\":{\"@id\":\"https:\/\/nigroequipamentos.com.br\/conteudo\/o-poder-da-empilhadeira-retratil-usada-em-recife-eficiencia-e-economia-em-estoques\/#primaryimage\"},\"thumbnailUrl\":\"https:\/\/nigroequipamentos.com.br\/conteudo\/wp-content\/uploads\/2024\/10\/nigro-equipamentos.webp\",\"articleSection\":[\"Recife\"],\"inLanguage\":\"pt-BR\"},{\"@type\":\"WebPage\",\"@id\":\"https:\/\/nigroequipamentos.com.br\/conteudo\/o-poder-da-empilhadeira-retratil-usada-em-recife-eficiencia-e-economia-em-estoques\/\",\"url\":\"https:\/\/nigroequipamentos.com.br\/conteudo\/o-poder-da-empilhadeira-retratil-usada-em-recife-eficiencia-e-economia-em-estoques\/\",\"name\":\"Empilhadeira Retr\u00e1til Usada em Recife: A Solu\u00e7\u00e3o Perfeita para Armaz\u00e9ns\",\"isPartOf\":{\"@id\":\"https:\/\/nigroequipamentos.com.br\/conteudo\/#website\"},\"primaryImageOfPage\":{\"@id\":\"https:\/\/nigroequipamentos.com.br\/conteudo\/o-poder-da-empilhadeira-retratil-usada-em-recife-eficiencia-e-economia-em-estoques\/#primaryimage\"},\"image\":{\"@id\":\"https:\/\/nigroequipamentos.com.br\/conteudo\/o-poder-da-empilhadeira-retratil-usada-em-recife-eficiencia-e-economia-em-estoques\/#primaryimage\"},\"thumbnailUrl\":\"https:\/\/nigroequipamentos.com.br\/conteudo\/wp-content\/uploads\/2024\/10\/nigro-equipamentos.webp\",\"datePublished\":\"2026-04-27T13:01:13+00:00\",\"dateModified\":\"2026-04-27T13:01:13+00:00\",\"description\":\"Descubra as vantagens da empilhadeira retr\u00e1til usada em Recife. Conhe\u00e7a a Nigro Equipamentos, refer\u00eancia em venda e loca\u00e7\u00e3o de equipamentos.\",\"breadcrumb\":{\"@id\":\"https:\/\/nigroequipamentos.com.br\/conteudo\/o-poder-da-empilhadeira-retratil-usada-em-recife-eficiencia-e-economia-em-estoques\/#breadcrumb\"},\"inLanguage\":\"pt-BR\",\"potentialAction\":[{\"@type\":\"ReadAction\",\"target\":[\"https:\/\/nigroequipamentos.com.br\/conteudo\/o-poder-da-empilhadeira-retratil-usada-em-recife-eficiencia-e-economia-em-estoques\/\"]}]},{\"@type\":\"ImageObject\",\"inLanguage\":\"pt-BR\",\"@id\":\"https:\/\/nigroequipamentos.com.br\/conteudo\/o-poder-da-empilhadeira-retratil-usada-em-recife-eficiencia-e-economia-em-estoques\/#primaryimage\",\"url\":\"https:\/\/nigroequipamentos.com.br\/conteudo\/wp-content\/uploads\/2024\/10\/nigro-equipamentos.webp\",\"contentUrl\":\"https:\/\/nigroequipamentos.com.br\/conteudo\/wp-content\/uploads\/2024\/10\/nigro-equipamentos.webp\",\"width\":1200,\"height\":678},{\"@type\":\"BreadcrumbList\",\"@id\":\"https:\/\/nigroequipamentos.com.br\/conteudo\/o-poder-da-empilhadeira-retratil-usada-em-recife-eficiencia-e-economia-em-estoques\/#breadcrumb\",\"itemListElement\":[{\"@type\":\"ListItem\",\"position\":1,\"name\":\"In\u00edcio\",\"item\":\"https:\/\/nigroequipamentos.com.br\/conteudo\/\"},{\"@type\":\"ListItem\",\"position\":2,\"name\":\"O Poder da Empilhadeira Retr\u00e1til Usada em Recife: Efici\u00eancia e Economia em Estoques\"}]},{\"@type\":\"WebSite\",\"@id\":\"https:\/\/nigroequipamentos.com.br\/conteudo\/#website\",\"url\":\"https:\/\/nigroequipamentos.com.br\/conteudo\/\",\"name\":\"Nigro Equipamentos\",\"description\":\"Loca\u00e7\u00e3o e Vendas\",\"publisher\":{\"@id\":\"https:\/\/nigroequipamentos.com.br\/conteudo\/#organization\"},\"potentialAction\":[{\"@type\":\"SearchAction\",\"target\":{\"@type\":\"EntryPoint\",\"urlTemplate\":\"https:\/\/nigroequipamentos.com.br\/conteudo\/?s={search_term_string}\"},\"query-input\":{\"@type\":\"PropertyValueSpecification\",\"valueRequired\":true,\"valueName\":\"search_term_string\"}}],\"inLanguage\":\"pt-BR\"},{\"@type\":\"Organization\",\"@id\":\"https:\/\/nigroequipamentos.com.br\/conteudo\/#organization\",\"name\":\"Nigro Equipamentos\",\"url\":\"https:\/\/nigroequipamentos.com.br\/conteudo\/\",\"logo\":{\"@type\":\"ImageObject\",\"inLanguage\":\"pt-BR\",\"@id\":\"https:\/\/nigroequipamentos.com.br\/conteudo\/#\/schema\/logo\/image\/\",\"url\":\"https:\/\/nigroequipamentos.com.br\/conteudo\/wp-content\/uploads\/2024\/10\/nigroequipamentos_logo.webp\",\"contentUrl\":\"https:\/\/nigroequipamentos.com.br\/conteudo\/wp-content\/uploads\/2024\/10\/nigroequipamentos_logo.webp\",\"width\":785,\"height\":355,\"caption\":\"Nigro Equipamentos\"},\"image\":{\"@id\":\"https:\/\/nigroequipamentos.com.br\/conteudo\/#\/schema\/logo\/image\/\"},\"sameAs\":[\"https:\/\/www.facebook.com\/nigroequipamentos\",\"https:\/\/www.instagram.com\/nigroequipamentos\/\"]},{\"@type\":\"Person\",\"@id\":\"https:\/\/nigroequipamentos.com.br\/conteudo\/#\/schema\/person\/fcea30745d02308eb99e98a355ab1ca7\",\"name\":\"admin\",\"image\":{\"@type\":\"ImageObject\",\"inLanguage\":\"pt-BR\",\"@id\":\"https:\/\/nigroequipamentos.com.br\/conteudo\/#\/schema\/person\/image\/\",\"url\":\"https:\/\/secure.gravatar.com\/avatar\/8e1e805e3c53d28d73ab302708d1c1b7?s=96&d=mm&r=g\",\"contentUrl\":\"https:\/\/secure.gravatar.com\/avatar\/8e1e805e3c53d28d73ab302708d1c1b7?s=96&d=mm&r=g\",\"caption\":\"admin\"},\"sameAs\":[\"https:\/\/nigroequipamentos.com.br\/conteudo\"],\"url\":\"https:\/\/nigroequipamentos.com.br\/conteudo\/author\/admin\/\"}]}<\/script>\n<!-- \/ Yoast SEO Premium plugin. -->","yoast_head_json":{"title":"Empilhadeira Retr\u00e1til Usada em Recife: A Solu\u00e7\u00e3o Perfeita para Armaz\u00e9ns","description":"Descubra as vantagens da empilhadeira retr\u00e1til usada em Recife. Conhe\u00e7a a Nigro Equipamentos, refer\u00eancia em venda e loca\u00e7\u00e3o de equipamentos.","robots":{"index":"index","follow":"follow","max-snippet":"max-snippet:-1","max-image-preview":"max-image-preview:large","max-video-preview":"max-video-preview:-1"},"canonical":"https:\/\/nigroequipamentos.com.br\/conteudo\/o-poder-da-empilhadeira-retratil-usada-em-recife-eficiencia-e-economia-em-estoques\/","og_locale":"pt_BR","og_type":"article","og_title":"O Poder da Empilhadeira Retr\u00e1til Usada em Recife: Efici\u00eancia e Economia em Estoques","og_description":"Descubra as vantagens da empilhadeira retr\u00e1til usada em Recife. Conhe\u00e7a a Nigro Equipamentos, refer\u00eancia em venda e loca\u00e7\u00e3o de equipamentos.","og_url":"https:\/\/nigroequipamentos.com.br\/conteudo\/o-poder-da-empilhadeira-retratil-usada-em-recife-eficiencia-e-economia-em-estoques\/","og_site_name":"Nigro Equipamentos","article_publisher":"https:\/\/www.facebook.com\/nigroequipamentos","article_published_time":"2026-04-27T13:01:13+00:00","og_image":[{"width":1200,"height":678,"url":"https:\/\/nigroequipamentos.com.br\/conteudo\/wp-content\/uploads\/2024\/10\/nigro-equipamentos.webp","type":"image\/webp"}],"author":"admin","twitter_card":"summary_large_image","twitter_misc":{"Escrito por":"admin","Est. tempo de leitura":"3 minutos"},"schema":{"@context":"https:\/\/schema.org","@graph":[{"@type":"Article","@id":"https:\/\/nigroequipamentos.com.br\/conteudo\/o-poder-da-empilhadeira-retratil-usada-em-recife-eficiencia-e-economia-em-estoques\/#article","isPartOf":{"@id":"https:\/\/nigroequipamentos.com.br\/conteudo\/o-poder-da-empilhadeira-retratil-usada-em-recife-eficiencia-e-economia-em-estoques\/"},"author":{"name":"admin","@id":"https:\/\/nigroequipamentos.com.br\/conteudo\/#\/schema\/person\/fcea30745d02308eb99e98a355ab1ca7"},"headline":"O Poder da Empilhadeira Retr\u00e1til Usada em Recife: Efici\u00eancia e Economia em Estoques","datePublished":"2026-04-27T13:01:13+00:00","dateModified":"2026-04-27T13:01:13+00:00","mainEntityOfPage":{"@id":"https:\/\/nigroequipamentos.com.br\/conteudo\/o-poder-da-empilhadeira-retratil-usada-em-recife-eficiencia-e-economia-em-estoques\/"},"wordCount":583,"publisher":{"@id":"https:\/\/nigroequipamentos.com.br\/conteudo\/#organization"},"image":{"@id":"https:\/\/nigroequipamentos.com.br\/conteudo\/o-poder-da-empilhadeira-retratil-usada-em-recife-eficiencia-e-economia-em-estoques\/#primaryimage"},"thumbnailUrl":"https:\/\/nigroequipamentos.com.br\/conteudo\/wp-content\/uploads\/2024\/10\/nigro-equipamentos.webp","articleSection":["Recife"],"inLanguage":"pt-BR"},{"@type":"WebPage","@id":"https:\/\/nigroequipamentos.com.br\/conteudo\/o-poder-da-empilhadeira-retratil-usada-em-recife-eficiencia-e-economia-em-estoques\/","url":"https:\/\/nigroequipamentos.com.br\/conteudo\/o-poder-da-empilhadeira-retratil-usada-em-recife-eficiencia-e-economia-em-estoques\/","name":"Empilhadeira Retr\u00e1til Usada em Recife: A Solu\u00e7\u00e3o Perfeita para Armaz\u00e9ns","isPartOf":{"@id":"https:\/\/nigroequipamentos.com.br\/conteudo\/#website"},"primaryImageOfPage":{"@id":"https:\/\/nigroequipamentos.com.br\/conteudo\/o-poder-da-empilhadeira-retratil-usada-em-recife-eficiencia-e-economia-em-estoques\/#primaryimage"},"image":{"@id":"https:\/\/nigroequipamentos.com.br\/conteudo\/o-poder-da-empilhadeira-retratil-usada-em-recife-eficiencia-e-economia-em-estoques\/#primaryimage"},"thumbnailUrl":"https:\/\/nigroequipamentos.com.br\/conteudo\/wp-content\/uploads\/2024\/10\/nigro-equipamentos.webp","datePublished":"2026-04-27T13:01:13+00:00","dateModified":"2026-04-27T13:01:13+00:00","description":"Descubra as vantagens da empilhadeira retr\u00e1til usada em Recife. Conhe\u00e7a a Nigro Equipamentos, refer\u00eancia em venda e loca\u00e7\u00e3o de equipamentos.","breadcrumb":{"@id":"https:\/\/nigroequipamentos.com.br\/conteudo\/o-poder-da-empilhadeira-retratil-usada-em-recife-eficiencia-e-economia-em-estoques\/#breadcrumb"},"inLanguage":"pt-BR","potentialAction":[{"@type":"ReadAction","target":["https:\/\/nigroequipamentos.com.br\/conteudo\/o-poder-da-empilhadeira-retratil-usada-em-recife-eficiencia-e-economia-em-estoques\/"]}]},{"@type":"ImageObject","inLanguage":"pt-BR","@id":"https:\/\/nigroequipamentos.com.br\/conteudo\/o-poder-da-empilhadeira-retratil-usada-em-recife-eficiencia-e-economia-em-estoques\/#primaryimage","url":"https:\/\/nigroequipamentos.com.br\/conteudo\/wp-content\/uploads\/2024\/10\/nigro-equipamentos.webp","contentUrl":"https:\/\/nigroequipamentos.com.br\/conteudo\/wp-content\/uploads\/2024\/10\/nigro-equipamentos.webp","width":1200,"height":678},{"@type":"BreadcrumbList","@id":"https:\/\/nigroequipamentos.com.br\/conteudo\/o-poder-da-empilhadeira-retratil-usada-em-recife-eficiencia-e-economia-em-estoques\/#breadcrumb","itemListElement":[{"@type":"ListItem","position":1,"name":"In\u00edcio","item":"https:\/\/nigroequipamentos.com.br\/conteudo\/"},{"@type":"ListItem","position":2,"name":"O Poder da Empilhadeira Retr\u00e1til Usada em Recife: Efici\u00eancia e Economia em Estoques"}]},{"@type":"WebSite","@id":"https:\/\/nigroequipamentos.com.br\/conteudo\/#website","url":"https:\/\/nigroequipamentos.com.br\/conteudo\/","name":"Nigro Equipamentos","description":"Loca\u00e7\u00e3o e Vendas","publisher":{"@id":"https:\/\/nigroequipamentos.com.br\/conteudo\/#organization"},"potentialAction":[{"@type":"SearchAction","target":{"@type":"EntryPoint","urlTemplate":"https:\/\/nigroequipamentos.com.br\/conteudo\/?s={search_term_string}"},"query-input":{"@type":"PropertyValueSpecification","valueRequired":true,"valueName":"search_term_string"}}],"inLanguage":"pt-BR"},{"@type":"Organization","@id":"https:\/\/nigroequipamentos.com.br\/conteudo\/#organization","name":"Nigro Equipamentos","url":"https:\/\/nigroequipamentos.com.br\/conteudo\/","logo":{"@type":"ImageObject","inLanguage":"pt-BR","@id":"https:\/\/nigroequipamentos.com.br\/conteudo\/#\/schema\/logo\/image\/","url":"https:\/\/nigroequipamentos.com.br\/conteudo\/wp-content\/uploads\/2024\/10\/nigroequipamentos_logo.webp","contentUrl":"https:\/\/nigroequipamentos.com.br\/conteudo\/wp-content\/uploads\/2024\/10\/nigroequipamentos_logo.webp","width":785,"height":355,"caption":"Nigro Equipamentos"},"image":{"@id":"https:\/\/nigroequipamentos.com.br\/conteudo\/#\/schema\/logo\/image\/"},"sameAs":["https:\/\/www.facebook.com\/nigroequipamentos","https:\/\/www.instagram.com\/nigroequipamentos\/"]},{"@type":"Person","@id":"https:\/\/nigroequipamentos.com.br\/conteudo\/#\/schema\/person\/fcea30745d02308eb99e98a355ab1ca7","name":"admin","image":{"@type":"ImageObject","inLanguage":"pt-BR","@id":"https:\/\/nigroequipamentos.com.br\/conteudo\/#\/schema\/person\/image\/","url":"https:\/\/secure.gravatar.com\/avatar\/8e1e805e3c53d28d73ab302708d1c1b7?s=96&d=mm&r=g","contentUrl":"https:\/\/secure.gravatar.com\/avatar\/8e1e805e3c53d28d73ab302708d1c1b7?s=96&d=mm&r=g","caption":"admin"},"sameAs":["https:\/\/nigroequipamentos.com.br\/conteudo"],"url":"https:\/\/nigroequipamentos.com.br\/conteudo\/author\/admin\/"}]}},"_links":{"self":[{"href":"https:\/\/nigroequipamentos.com.br\/conteudo\/wp-json\/wp\/v2\/posts\/105943","targetHints":{"allow":["GET"]}}],"collection":[{"href":"https:\/\/nigroequipamentos.com.br\/conteudo\/wp-json\/wp\/v2\/posts"}],"about":[{"href":"https:\/\/nigroequipamentos.com.br\/conteudo\/wp-json\/wp\/v2\/types\/post"}],"author":[{"embeddable":true,"href":"https:\/\/nigroequipamentos.com.br\/conteudo\/wp-json\/wp\/v2\/users\/1"}],"replies":[{"embeddable":true,"href":"https:\/\/nigroequipamentos.com.br\/conteudo\/wp-json\/wp\/v2\/comments?post=105943"}],"version-history":[{"count":0,"href":"https:\/\/nigroequipamentos.com.br\/conteudo\/wp-json\/wp\/v2\/posts\/105943\/revisions"}],"wp:featuredmedia":[{"embeddable":true,"href":"https:\/\/nigroequipamentos.com.br\/conteudo\/wp-json\/wp\/v2\/media\/17"}],"wp:attachment":[{"href":"https:\/\/nigroequipamentos.com.br\/conteudo\/wp-json\/wp\/v2\/media?parent=105943"}],"wp:term":[{"taxonomy":"category","embeddable":true,"href":"https:\/\/nigroequipamentos.com.br\/conteudo\/wp-json\/wp\/v2\/categories?post=105943"},{"taxonomy":"post_tag","embeddable":true,"href":"https:\/\/nigroequipamentos.com.br\/conteudo\/wp-json\/wp\/v2\/tags?post=105943"}],"curies":[{"name":"wp","href":"https:\/\/api.w.org\/{rel}","templated":true}]}}