{"id":105934,"date":"2026-04-27T09:01:05","date_gmt":"2026-04-27T12:01:05","guid":{"rendered":"https:\/\/nigroequipamentos.com.br\/conteudo\/descubra-a-versatilidade-da-plataforma-elevatoria-compacta-em-recife-uma-solucao-pratica-e-eficiente\/"},"modified":"2026-04-27T09:01:05","modified_gmt":"2026-04-27T12:01:05","slug":"descubra-a-versatilidade-da-plataforma-elevatoria-compacta-em-recife-uma-solucao-pratica-e-eficiente","status":"publish","type":"post","link":"https:\/\/nigroequipamentos.com.br\/conteudo\/descubra-a-versatilidade-da-plataforma-elevatoria-compacta-em-recife-uma-solucao-pratica-e-eficiente\/","title":{"rendered":"Descubra a Versatilidade da Plataforma Elevat\u00f3ria Compacta em Recife: Uma Solu\u00e7\u00e3o Pr\u00e1tica e Eficiente"},"content":{"rendered":"<p><strong>O que \u00e9 uma Plataforma Elevat\u00f3ria Compacta?<\/strong>  Uma plataforma elevat\u00f3ria compacta \u00e9 um equipamento projetado para levantar pessoas e cargas em diferentes alturas, sendo especialmente conhecida por sua manobrabilidade e efici\u00eancia em espa\u00e7os reduzidos. Ideal para constru\u00e7\u00f5es urbanas e empreendimentos comerciais, essas plataformas s\u00e3o a escolha perfeita para trabalhos que exigem acesso a \u00e1reas de dif\u00edcil alcance.  Sua constru\u00e7\u00e3o robusta e compacta permite que operem em ruas estreitas, garagens e outros locais onde uma m\u00e1quina maior n\u00e3o teria espa\u00e7o.  Al\u00e9m disso, sua leveza e flexibilidade proporcionam uma grande facilidade de transporte e instala\u00e7\u00e3o.  Portanto, ao considerar a loca\u00e7\u00e3o ou compra de uma plataforma elevat\u00f3ria em Recife, \u00e9 fundamental conhecer as op\u00e7\u00f5es mais eficientes e adequadas para suas necessidades.  <br \/> <strong>A Versatilidade das Plataformas Elevat\u00f3rias Compactas<\/strong>  A versatilidade dessas m\u00e1quinas n\u00e3o pode ser subestimada. Elas s\u00e3o amplamente utilizadas em diversas ind\u00fastrias, incluindo constru\u00e7\u00e3o civil, manuten\u00e7\u00e3o predial, e at\u00e9 mesmo em eventos e feiras.  Por exemplo, imagine um trabalho em um edif\u00edcio comercial em boa parte da cidade de Recife, onde o espa\u00e7o nas ruas \u00e9 restrito. A escolha por uma plataforma compacta torna-se mais que uma op\u00e7\u00e3o; \u00e9 uma necessidade para garantir efici\u00eancia e seguran\u00e7a em alturas.  Al\u00e9m disso, muitas plataformas elevat\u00f3rias compactas oferecem diferentes capacidades de carga e alturas de eleva\u00e7\u00e3o, permitindo que sejam adaptadas a uma variedade de tarefas.  <br \/> <strong>Benef\u00edcios de Alugar uma Plataforma Elevat\u00f3ria Compacta<\/strong>  Alugar uma plataforma elevat\u00f3ria compacta pode ser uma decis\u00e3o financeira muito inteligente. Ao optar pela loca\u00e7\u00e3o, seu projeto se beneficia da manuten\u00e7\u00e3o constante, da atualiza\u00e7\u00e3o de equipamentos e do suporte t\u00e9cnico proporcionado por empresas especializadas. Isso \u00e9 especialmente relevante em Recife, onde o clima e as condi\u00e7\u00f5es de trabalho podem ser desafiadores.  Al\u00e9m disso, a loca\u00e7\u00e3o permite que voc\u00ea tenha acesso a modelos modernos e eficientes sem o investimento inicial elevado que a compra exigiria. Isso proporciona uma maior flexibilidade ao seu or\u00e7amento e possibilita que voc\u00ea use pelo tempo necess\u00e1rio sem comprometer a qualidade do servi\u00e7o.  <br \/> <strong>Escolhendo a Parceira Ideal: Nigro Equipamentos<\/strong>  A Nigro Equipamentos se posiciona como uma empresa l\u00edder na venda e loca\u00e7\u00e3o de plataformas elevat\u00f3rias compactas no mercado de Recife. Com um compromisso de oferecer qualidade, seguran\u00e7a e inova\u00e7\u00e3o, a Nigro Equipamentos conta com uma diversificada gama de m\u00e1quinas que atendem \u00e0s mais variadas necessidades do seu projeto.  Nossa equipe de especialistas est\u00e1 sempre \u00e0 disposi\u00e7\u00e3o para orientar na escolha do equipamento mais adequado \u00e0s suas necessidades, garantindo que seu trabalho seja realizado com efici\u00eancia e seguran\u00e7a. Al\u00e9m disso, assessoria t\u00e9cnica e manuten\u00e7\u00e3o s\u00e3o diferenciais que fazem da Nigro Equipamentos a escolha certa para quem busca excel\u00eancia.  <br \/> <strong>Conclus\u00e3o: A Nigro Equipamentos Est\u00e1 Aqui para Ajudar<\/strong>  Em resumo, a utiliza\u00e7\u00e3o de plataformas elevat\u00f3rias compactas em Recife \u00e9 uma solu\u00e7\u00e3o pr\u00e1tica e acess\u00edvel que pode elevar tanto a efici\u00eancia quanto a seguran\u00e7a de suas opera\u00e7\u00f5es. Ao optar pela loca\u00e7\u00e3o ou compra, \u00e9 crucial contar com um fornecedor confi\u00e1vel, e a Nigro Equipamentos se destaca neste cen\u00e1rio, oferecendo um portf\u00f3lio completo e adapt\u00e1vel \u00e0s suas necessidades.  Se voc\u00ea est\u00e1 em busca de equipamentos de qualidade e um servi\u00e7o hol\u00edstico, a Nigro Equipamentos \u00e9 a parceira ideal para concretizar seus projetos. Entre em contato conosco e descubra como podemos facilitar o seu trabalho com as melhores op\u00e7\u00f5es em plataformas elevat\u00f3rias!<\/p>\n","protected":false},"excerpt":{"rendered":"<p>O que \u00e9 uma Plataforma Elevat\u00f3ria Compacta? Uma plataforma elevat\u00f3ria compacta \u00e9 um equipamento projetado para levantar pessoas e cargas em diferentes alturas, sendo especialmente conhecida por sua manobrabilidade e efici\u00eancia em espa\u00e7os reduzidos. Ideal para constru\u00e7\u00f5es urbanas e empreendimentos comerciais, essas plataformas s\u00e3o a escolha perfeita para trabalhos que exigem acesso a \u00e1reas de&hellip;&nbsp;<a href=\"https:\/\/nigroequipamentos.com.br\/conteudo\/descubra-a-versatilidade-da-plataforma-elevatoria-compacta-em-recife-uma-solucao-pratica-e-eficiente\/\" class=\"\" rel=\"bookmark\">Continue a ler &raquo;<span class=\"screen-reader-text\">Descubra a Versatilidade da Plataforma Elevat\u00f3ria Compacta em Recife: Uma Solu\u00e7\u00e3o Pr\u00e1tica e Eficiente<\/span><\/a><\/p>\n","protected":false},"author":1,"featured_media":17,"comment_status":"","ping_status":"open","sticky":false,"template":"","format":"standard","meta":{"_acf_changed":false,"_yoast_wpseo_focuskw":"plataforma elevat\u00f3ria compacta em Recife","_yoast_wpseo_title":"Plataforma Elevat\u00f3ria Compacta em Recife: Efici\u00eancia e Versatilidade para Seus Projetos","_yoast_wpseo_metadesc":"Descubra a versatilidade e benef\u00edcios das plataformas elevat\u00f3rias compactas em Recife. Conhe\u00e7a a Nigro Equipamentos, l\u00edder em loca\u00e7\u00e3o e venda de equipamentos.","neve_meta_sidebar":"","neve_meta_container":"","neve_meta_enable_content_width":"","neve_meta_content_width":0,"neve_meta_title_alignment":"","neve_meta_author_avatar":"","neve_post_elements_order":"","neve_meta_disable_header":"","neve_meta_disable_footer":"","neve_meta_disable_title":"","footnotes":""},"categories":[5],"tags":[],"class_list":["post-105934","post","type-post","status-publish","format-standard","has-post-thumbnail","hentry","category-recife"],"acf":[],"yoast_head":"<!-- This site is optimized with the Yoast SEO Premium plugin v18.3 (Yoast SEO v23.4) - https:\/\/yoast.com\/wordpress\/plugins\/seo\/ -->\n<title>Plataforma Elevat\u00f3ria Compacta em Recife: Efici\u00eancia e Versatilidade para Seus Projetos<\/title>\n<meta name=\"description\" content=\"Descubra a versatilidade e benef\u00edcios das plataformas elevat\u00f3rias compactas em Recife. Conhe\u00e7a a Nigro Equipamentos, l\u00edder em loca\u00e7\u00e3o e venda de equipamentos.\" \/>\n<meta name=\"robots\" content=\"index, follow, max-snippet:-1, max-image-preview:large, max-video-preview:-1\" \/>\n<link rel=\"canonical\" href=\"https:\/\/nigroequipamentos.com.br\/conteudo\/descubra-a-versatilidade-da-plataforma-elevatoria-compacta-em-recife-uma-solucao-pratica-e-eficiente\/\" \/>\n<meta property=\"og:locale\" content=\"pt_BR\" \/>\n<meta property=\"og:type\" content=\"article\" \/>\n<meta property=\"og:title\" content=\"Descubra a Versatilidade da Plataforma Elevat\u00f3ria Compacta em Recife: Uma Solu\u00e7\u00e3o Pr\u00e1tica e Eficiente\" \/>\n<meta property=\"og:description\" content=\"Descubra a versatilidade e benef\u00edcios das plataformas elevat\u00f3rias compactas em Recife. Conhe\u00e7a a Nigro Equipamentos, l\u00edder em loca\u00e7\u00e3o e venda de equipamentos.\" \/>\n<meta property=\"og:url\" content=\"https:\/\/nigroequipamentos.com.br\/conteudo\/descubra-a-versatilidade-da-plataforma-elevatoria-compacta-em-recife-uma-solucao-pratica-e-eficiente\/\" \/>\n<meta property=\"og:site_name\" content=\"Nigro Equipamentos\" \/>\n<meta property=\"article:publisher\" content=\"https:\/\/www.facebook.com\/nigroequipamentos\" \/>\n<meta property=\"article:published_time\" content=\"2026-04-27T12:01:05+00:00\" \/>\n<meta property=\"og:image\" content=\"https:\/\/nigroequipamentos.com.br\/conteudo\/wp-content\/uploads\/2024\/10\/nigro-equipamentos.webp\" \/>\n\t<meta property=\"og:image:width\" content=\"1200\" \/>\n\t<meta property=\"og:image:height\" content=\"678\" \/>\n\t<meta property=\"og:image:type\" content=\"image\/webp\" \/>\n<meta name=\"author\" content=\"admin\" \/>\n<meta name=\"twitter:card\" content=\"summary_large_image\" \/>\n<meta name=\"twitter:label1\" content=\"Escrito por\" \/>\n\t<meta name=\"twitter:data1\" content=\"admin\" \/>\n\t<meta name=\"twitter:label2\" content=\"Est. tempo de leitura\" \/>\n\t<meta name=\"twitter:data2\" content=\"3 minutos\" \/>\n<script type=\"application\/ld+json\" class=\"yoast-schema-graph\">{\"@context\":\"https:\/\/schema.org\",\"@graph\":[{\"@type\":\"Article\",\"@id\":\"https:\/\/nigroequipamentos.com.br\/conteudo\/descubra-a-versatilidade-da-plataforma-elevatoria-compacta-em-recife-uma-solucao-pratica-e-eficiente\/#article\",\"isPartOf\":{\"@id\":\"https:\/\/nigroequipamentos.com.br\/conteudo\/descubra-a-versatilidade-da-plataforma-elevatoria-compacta-em-recife-uma-solucao-pratica-e-eficiente\/\"},\"author\":{\"name\":\"admin\",\"@id\":\"https:\/\/nigroequipamentos.com.br\/conteudo\/#\/schema\/person\/fcea30745d02308eb99e98a355ab1ca7\"},\"headline\":\"Descubra a Versatilidade da Plataforma Elevat\u00f3ria Compacta em Recife: Uma Solu\u00e7\u00e3o Pr\u00e1tica e Eficiente\",\"datePublished\":\"2026-04-27T12:01:05+00:00\",\"dateModified\":\"2026-04-27T12:01:05+00:00\",\"mainEntityOfPage\":{\"@id\":\"https:\/\/nigroequipamentos.com.br\/conteudo\/descubra-a-versatilidade-da-plataforma-elevatoria-compacta-em-recife-uma-solucao-pratica-e-eficiente\/\"},\"wordCount\":620,\"publisher\":{\"@id\":\"https:\/\/nigroequipamentos.com.br\/conteudo\/#organization\"},\"image\":{\"@id\":\"https:\/\/nigroequipamentos.com.br\/conteudo\/descubra-a-versatilidade-da-plataforma-elevatoria-compacta-em-recife-uma-solucao-pratica-e-eficiente\/#primaryimage\"},\"thumbnailUrl\":\"https:\/\/nigroequipamentos.com.br\/conteudo\/wp-content\/uploads\/2024\/10\/nigro-equipamentos.webp\",\"articleSection\":[\"Recife\"],\"inLanguage\":\"pt-BR\"},{\"@type\":\"WebPage\",\"@id\":\"https:\/\/nigroequipamentos.com.br\/conteudo\/descubra-a-versatilidade-da-plataforma-elevatoria-compacta-em-recife-uma-solucao-pratica-e-eficiente\/\",\"url\":\"https:\/\/nigroequipamentos.com.br\/conteudo\/descubra-a-versatilidade-da-plataforma-elevatoria-compacta-em-recife-uma-solucao-pratica-e-eficiente\/\",\"name\":\"Plataforma Elevat\u00f3ria Compacta em Recife: Efici\u00eancia e Versatilidade para Seus Projetos\",\"isPartOf\":{\"@id\":\"https:\/\/nigroequipamentos.com.br\/conteudo\/#website\"},\"primaryImageOfPage\":{\"@id\":\"https:\/\/nigroequipamentos.com.br\/conteudo\/descubra-a-versatilidade-da-plataforma-elevatoria-compacta-em-recife-uma-solucao-pratica-e-eficiente\/#primaryimage\"},\"image\":{\"@id\":\"https:\/\/nigroequipamentos.com.br\/conteudo\/descubra-a-versatilidade-da-plataforma-elevatoria-compacta-em-recife-uma-solucao-pratica-e-eficiente\/#primaryimage\"},\"thumbnailUrl\":\"https:\/\/nigroequipamentos.com.br\/conteudo\/wp-content\/uploads\/2024\/10\/nigro-equipamentos.webp\",\"datePublished\":\"2026-04-27T12:01:05+00:00\",\"dateModified\":\"2026-04-27T12:01:05+00:00\",\"description\":\"Descubra a versatilidade e benef\u00edcios das plataformas elevat\u00f3rias compactas em Recife. Conhe\u00e7a a Nigro Equipamentos, l\u00edder em loca\u00e7\u00e3o e venda de equipamentos.\",\"breadcrumb\":{\"@id\":\"https:\/\/nigroequipamentos.com.br\/conteudo\/descubra-a-versatilidade-da-plataforma-elevatoria-compacta-em-recife-uma-solucao-pratica-e-eficiente\/#breadcrumb\"},\"inLanguage\":\"pt-BR\",\"potentialAction\":[{\"@type\":\"ReadAction\",\"target\":[\"https:\/\/nigroequipamentos.com.br\/conteudo\/descubra-a-versatilidade-da-plataforma-elevatoria-compacta-em-recife-uma-solucao-pratica-e-eficiente\/\"]}]},{\"@type\":\"ImageObject\",\"inLanguage\":\"pt-BR\",\"@id\":\"https:\/\/nigroequipamentos.com.br\/conteudo\/descubra-a-versatilidade-da-plataforma-elevatoria-compacta-em-recife-uma-solucao-pratica-e-eficiente\/#primaryimage\",\"url\":\"https:\/\/nigroequipamentos.com.br\/conteudo\/wp-content\/uploads\/2024\/10\/nigro-equipamentos.webp\",\"contentUrl\":\"https:\/\/nigroequipamentos.com.br\/conteudo\/wp-content\/uploads\/2024\/10\/nigro-equipamentos.webp\",\"width\":1200,\"height\":678},{\"@type\":\"BreadcrumbList\",\"@id\":\"https:\/\/nigroequipamentos.com.br\/conteudo\/descubra-a-versatilidade-da-plataforma-elevatoria-compacta-em-recife-uma-solucao-pratica-e-eficiente\/#breadcrumb\",\"itemListElement\":[{\"@type\":\"ListItem\",\"position\":1,\"name\":\"In\u00edcio\",\"item\":\"https:\/\/nigroequipamentos.com.br\/conteudo\/\"},{\"@type\":\"ListItem\",\"position\":2,\"name\":\"Descubra a Versatilidade da Plataforma Elevat\u00f3ria Compacta em Recife: Uma Solu\u00e7\u00e3o Pr\u00e1tica e Eficiente\"}]},{\"@type\":\"WebSite\",\"@id\":\"https:\/\/nigroequipamentos.com.br\/conteudo\/#website\",\"url\":\"https:\/\/nigroequipamentos.com.br\/conteudo\/\",\"name\":\"Nigro Equipamentos\",\"description\":\"Loca\u00e7\u00e3o e Vendas\",\"publisher\":{\"@id\":\"https:\/\/nigroequipamentos.com.br\/conteudo\/#organization\"},\"potentialAction\":[{\"@type\":\"SearchAction\",\"target\":{\"@type\":\"EntryPoint\",\"urlTemplate\":\"https:\/\/nigroequipamentos.com.br\/conteudo\/?s={search_term_string}\"},\"query-input\":{\"@type\":\"PropertyValueSpecification\",\"valueRequired\":true,\"valueName\":\"search_term_string\"}}],\"inLanguage\":\"pt-BR\"},{\"@type\":\"Organization\",\"@id\":\"https:\/\/nigroequipamentos.com.br\/conteudo\/#organization\",\"name\":\"Nigro Equipamentos\",\"url\":\"https:\/\/nigroequipamentos.com.br\/conteudo\/\",\"logo\":{\"@type\":\"ImageObject\",\"inLanguage\":\"pt-BR\",\"@id\":\"https:\/\/nigroequipamentos.com.br\/conteudo\/#\/schema\/logo\/image\/\",\"url\":\"https:\/\/nigroequipamentos.com.br\/conteudo\/wp-content\/uploads\/2024\/10\/nigroequipamentos_logo.webp\",\"contentUrl\":\"https:\/\/nigroequipamentos.com.br\/conteudo\/wp-content\/uploads\/2024\/10\/nigroequipamentos_logo.webp\",\"width\":785,\"height\":355,\"caption\":\"Nigro Equipamentos\"},\"image\":{\"@id\":\"https:\/\/nigroequipamentos.com.br\/conteudo\/#\/schema\/logo\/image\/\"},\"sameAs\":[\"https:\/\/www.facebook.com\/nigroequipamentos\",\"https:\/\/www.instagram.com\/nigroequipamentos\/\"]},{\"@type\":\"Person\",\"@id\":\"https:\/\/nigroequipamentos.com.br\/conteudo\/#\/schema\/person\/fcea30745d02308eb99e98a355ab1ca7\",\"name\":\"admin\",\"image\":{\"@type\":\"ImageObject\",\"inLanguage\":\"pt-BR\",\"@id\":\"https:\/\/nigroequipamentos.com.br\/conteudo\/#\/schema\/person\/image\/\",\"url\":\"https:\/\/secure.gravatar.com\/avatar\/8e1e805e3c53d28d73ab302708d1c1b7?s=96&d=mm&r=g\",\"contentUrl\":\"https:\/\/secure.gravatar.com\/avatar\/8e1e805e3c53d28d73ab302708d1c1b7?s=96&d=mm&r=g\",\"caption\":\"admin\"},\"sameAs\":[\"https:\/\/nigroequipamentos.com.br\/conteudo\"],\"url\":\"https:\/\/nigroequipamentos.com.br\/conteudo\/author\/admin\/\"}]}<\/script>\n<!-- \/ Yoast SEO Premium plugin. -->","yoast_head_json":{"title":"Plataforma Elevat\u00f3ria Compacta em Recife: Efici\u00eancia e Versatilidade para Seus Projetos","description":"Descubra a versatilidade e benef\u00edcios das plataformas elevat\u00f3rias compactas em Recife. Conhe\u00e7a a Nigro Equipamentos, l\u00edder em loca\u00e7\u00e3o e venda de equipamentos.","robots":{"index":"index","follow":"follow","max-snippet":"max-snippet:-1","max-image-preview":"max-image-preview:large","max-video-preview":"max-video-preview:-1"},"canonical":"https:\/\/nigroequipamentos.com.br\/conteudo\/descubra-a-versatilidade-da-plataforma-elevatoria-compacta-em-recife-uma-solucao-pratica-e-eficiente\/","og_locale":"pt_BR","og_type":"article","og_title":"Descubra a Versatilidade da Plataforma Elevat\u00f3ria Compacta em Recife: Uma Solu\u00e7\u00e3o Pr\u00e1tica e Eficiente","og_description":"Descubra a versatilidade e benef\u00edcios das plataformas elevat\u00f3rias compactas em Recife. Conhe\u00e7a a Nigro Equipamentos, l\u00edder em loca\u00e7\u00e3o e venda de equipamentos.","og_url":"https:\/\/nigroequipamentos.com.br\/conteudo\/descubra-a-versatilidade-da-plataforma-elevatoria-compacta-em-recife-uma-solucao-pratica-e-eficiente\/","og_site_name":"Nigro Equipamentos","article_publisher":"https:\/\/www.facebook.com\/nigroequipamentos","article_published_time":"2026-04-27T12:01:05+00:00","og_image":[{"width":1200,"height":678,"url":"https:\/\/nigroequipamentos.com.br\/conteudo\/wp-content\/uploads\/2024\/10\/nigro-equipamentos.webp","type":"image\/webp"}],"author":"admin","twitter_card":"summary_large_image","twitter_misc":{"Escrito por":"admin","Est. tempo de leitura":"3 minutos"},"schema":{"@context":"https:\/\/schema.org","@graph":[{"@type":"Article","@id":"https:\/\/nigroequipamentos.com.br\/conteudo\/descubra-a-versatilidade-da-plataforma-elevatoria-compacta-em-recife-uma-solucao-pratica-e-eficiente\/#article","isPartOf":{"@id":"https:\/\/nigroequipamentos.com.br\/conteudo\/descubra-a-versatilidade-da-plataforma-elevatoria-compacta-em-recife-uma-solucao-pratica-e-eficiente\/"},"author":{"name":"admin","@id":"https:\/\/nigroequipamentos.com.br\/conteudo\/#\/schema\/person\/fcea30745d02308eb99e98a355ab1ca7"},"headline":"Descubra a Versatilidade da Plataforma Elevat\u00f3ria Compacta em Recife: Uma Solu\u00e7\u00e3o Pr\u00e1tica e Eficiente","datePublished":"2026-04-27T12:01:05+00:00","dateModified":"2026-04-27T12:01:05+00:00","mainEntityOfPage":{"@id":"https:\/\/nigroequipamentos.com.br\/conteudo\/descubra-a-versatilidade-da-plataforma-elevatoria-compacta-em-recife-uma-solucao-pratica-e-eficiente\/"},"wordCount":620,"publisher":{"@id":"https:\/\/nigroequipamentos.com.br\/conteudo\/#organization"},"image":{"@id":"https:\/\/nigroequipamentos.com.br\/conteudo\/descubra-a-versatilidade-da-plataforma-elevatoria-compacta-em-recife-uma-solucao-pratica-e-eficiente\/#primaryimage"},"thumbnailUrl":"https:\/\/nigroequipamentos.com.br\/conteudo\/wp-content\/uploads\/2024\/10\/nigro-equipamentos.webp","articleSection":["Recife"],"inLanguage":"pt-BR"},{"@type":"WebPage","@id":"https:\/\/nigroequipamentos.com.br\/conteudo\/descubra-a-versatilidade-da-plataforma-elevatoria-compacta-em-recife-uma-solucao-pratica-e-eficiente\/","url":"https:\/\/nigroequipamentos.com.br\/conteudo\/descubra-a-versatilidade-da-plataforma-elevatoria-compacta-em-recife-uma-solucao-pratica-e-eficiente\/","name":"Plataforma Elevat\u00f3ria Compacta em Recife: Efici\u00eancia e Versatilidade para Seus Projetos","isPartOf":{"@id":"https:\/\/nigroequipamentos.com.br\/conteudo\/#website"},"primaryImageOfPage":{"@id":"https:\/\/nigroequipamentos.com.br\/conteudo\/descubra-a-versatilidade-da-plataforma-elevatoria-compacta-em-recife-uma-solucao-pratica-e-eficiente\/#primaryimage"},"image":{"@id":"https:\/\/nigroequipamentos.com.br\/conteudo\/descubra-a-versatilidade-da-plataforma-elevatoria-compacta-em-recife-uma-solucao-pratica-e-eficiente\/#primaryimage"},"thumbnailUrl":"https:\/\/nigroequipamentos.com.br\/conteudo\/wp-content\/uploads\/2024\/10\/nigro-equipamentos.webp","datePublished":"2026-04-27T12:01:05+00:00","dateModified":"2026-04-27T12:01:05+00:00","description":"Descubra a versatilidade e benef\u00edcios das plataformas elevat\u00f3rias compactas em Recife. Conhe\u00e7a a Nigro Equipamentos, l\u00edder em loca\u00e7\u00e3o e venda de equipamentos.","breadcrumb":{"@id":"https:\/\/nigroequipamentos.com.br\/conteudo\/descubra-a-versatilidade-da-plataforma-elevatoria-compacta-em-recife-uma-solucao-pratica-e-eficiente\/#breadcrumb"},"inLanguage":"pt-BR","potentialAction":[{"@type":"ReadAction","target":["https:\/\/nigroequipamentos.com.br\/conteudo\/descubra-a-versatilidade-da-plataforma-elevatoria-compacta-em-recife-uma-solucao-pratica-e-eficiente\/"]}]},{"@type":"ImageObject","inLanguage":"pt-BR","@id":"https:\/\/nigroequipamentos.com.br\/conteudo\/descubra-a-versatilidade-da-plataforma-elevatoria-compacta-em-recife-uma-solucao-pratica-e-eficiente\/#primaryimage","url":"https:\/\/nigroequipamentos.com.br\/conteudo\/wp-content\/uploads\/2024\/10\/nigro-equipamentos.webp","contentUrl":"https:\/\/nigroequipamentos.com.br\/conteudo\/wp-content\/uploads\/2024\/10\/nigro-equipamentos.webp","width":1200,"height":678},{"@type":"BreadcrumbList","@id":"https:\/\/nigroequipamentos.com.br\/conteudo\/descubra-a-versatilidade-da-plataforma-elevatoria-compacta-em-recife-uma-solucao-pratica-e-eficiente\/#breadcrumb","itemListElement":[{"@type":"ListItem","position":1,"name":"In\u00edcio","item":"https:\/\/nigroequipamentos.com.br\/conteudo\/"},{"@type":"ListItem","position":2,"name":"Descubra a Versatilidade da Plataforma Elevat\u00f3ria Compacta em Recife: Uma Solu\u00e7\u00e3o Pr\u00e1tica e Eficiente"}]},{"@type":"WebSite","@id":"https:\/\/nigroequipamentos.com.br\/conteudo\/#website","url":"https:\/\/nigroequipamentos.com.br\/conteudo\/","name":"Nigro Equipamentos","description":"Loca\u00e7\u00e3o e Vendas","publisher":{"@id":"https:\/\/nigroequipamentos.com.br\/conteudo\/#organization"},"potentialAction":[{"@type":"SearchAction","target":{"@type":"EntryPoint","urlTemplate":"https:\/\/nigroequipamentos.com.br\/conteudo\/?s={search_term_string}"},"query-input":{"@type":"PropertyValueSpecification","valueRequired":true,"valueName":"search_term_string"}}],"inLanguage":"pt-BR"},{"@type":"Organization","@id":"https:\/\/nigroequipamentos.com.br\/conteudo\/#organization","name":"Nigro Equipamentos","url":"https:\/\/nigroequipamentos.com.br\/conteudo\/","logo":{"@type":"ImageObject","inLanguage":"pt-BR","@id":"https:\/\/nigroequipamentos.com.br\/conteudo\/#\/schema\/logo\/image\/","url":"https:\/\/nigroequipamentos.com.br\/conteudo\/wp-content\/uploads\/2024\/10\/nigroequipamentos_logo.webp","contentUrl":"https:\/\/nigroequipamentos.com.br\/conteudo\/wp-content\/uploads\/2024\/10\/nigroequipamentos_logo.webp","width":785,"height":355,"caption":"Nigro Equipamentos"},"image":{"@id":"https:\/\/nigroequipamentos.com.br\/conteudo\/#\/schema\/logo\/image\/"},"sameAs":["https:\/\/www.facebook.com\/nigroequipamentos","https:\/\/www.instagram.com\/nigroequipamentos\/"]},{"@type":"Person","@id":"https:\/\/nigroequipamentos.com.br\/conteudo\/#\/schema\/person\/fcea30745d02308eb99e98a355ab1ca7","name":"admin","image":{"@type":"ImageObject","inLanguage":"pt-BR","@id":"https:\/\/nigroequipamentos.com.br\/conteudo\/#\/schema\/person\/image\/","url":"https:\/\/secure.gravatar.com\/avatar\/8e1e805e3c53d28d73ab302708d1c1b7?s=96&d=mm&r=g","contentUrl":"https:\/\/secure.gravatar.com\/avatar\/8e1e805e3c53d28d73ab302708d1c1b7?s=96&d=mm&r=g","caption":"admin"},"sameAs":["https:\/\/nigroequipamentos.com.br\/conteudo"],"url":"https:\/\/nigroequipamentos.com.br\/conteudo\/author\/admin\/"}]}},"_links":{"self":[{"href":"https:\/\/nigroequipamentos.com.br\/conteudo\/wp-json\/wp\/v2\/posts\/105934","targetHints":{"allow":["GET"]}}],"collection":[{"href":"https:\/\/nigroequipamentos.com.br\/conteudo\/wp-json\/wp\/v2\/posts"}],"about":[{"href":"https:\/\/nigroequipamentos.com.br\/conteudo\/wp-json\/wp\/v2\/types\/post"}],"author":[{"embeddable":true,"href":"https:\/\/nigroequipamentos.com.br\/conteudo\/wp-json\/wp\/v2\/users\/1"}],"replies":[{"embeddable":true,"href":"https:\/\/nigroequipamentos.com.br\/conteudo\/wp-json\/wp\/v2\/comments?post=105934"}],"version-history":[{"count":0,"href":"https:\/\/nigroequipamentos.com.br\/conteudo\/wp-json\/wp\/v2\/posts\/105934\/revisions"}],"wp:featuredmedia":[{"embeddable":true,"href":"https:\/\/nigroequipamentos.com.br\/conteudo\/wp-json\/wp\/v2\/media\/17"}],"wp:attachment":[{"href":"https:\/\/nigroequipamentos.com.br\/conteudo\/wp-json\/wp\/v2\/media?parent=105934"}],"wp:term":[{"taxonomy":"category","embeddable":true,"href":"https:\/\/nigroequipamentos.com.br\/conteudo\/wp-json\/wp\/v2\/categories?post=105934"},{"taxonomy":"post_tag","embeddable":true,"href":"https:\/\/nigroequipamentos.com.br\/conteudo\/wp-json\/wp\/v2\/tags?post=105934"}],"curies":[{"name":"wp","href":"https:\/\/api.w.org\/{rel}","templated":true}]}}