{"id":105842,"date":"2026-04-26T22:56:06","date_gmt":"2026-04-27T01:56:06","guid":{"rendered":"https:\/\/nigroequipamentos.com.br\/conteudo\/descubra-como-as-empilhadeiras-transformam-a-logistica-em-feira-de-santana-4\/"},"modified":"2026-04-26T22:56:06","modified_gmt":"2026-04-27T01:56:06","slug":"descubra-como-as-empilhadeiras-transformam-a-logistica-em-feira-de-santana-4","status":"publish","type":"post","link":"https:\/\/nigroequipamentos.com.br\/conteudo\/descubra-como-as-empilhadeiras-transformam-a-logistica-em-feira-de-santana-4\/","title":{"rendered":"Descubra Como as Empilhadeiras Transformam a Log\u00edstica em Feira de Santana"},"content":{"rendered":"<p>As empilhadeiras s\u00e3o pilares essenciais na opera\u00e7\u00e3o log\u00edstica, especialmente em cidades movimentadas como Feira de Santana. Neste artigo, exploraremos a import\u00e2ncia desses equipamentos, os diferentes tipos dispon\u00edveis no mercado, e como a Nigro Equipamentos se destaca na venda e loca\u00e7\u00e3o dessas m\u00e1quinas vitais para o sucesso das opera\u00e7\u00f5es comerciais. <\/p>\n<p><strong>A Evolu\u00e7\u00e3o das Empilhadeiras e Seu Impacto na Ind\u00fastria<\/strong> <\/p>\n<p>Desde a sua inven\u00e7\u00e3o, as empilhadeiras evolu\u00edram significativamente. Inicialmente, eram operadas manualmente, mas hoje, temos modelos el\u00e9tricos, de combust\u00e3o e at\u00e9 mesmo automatizados. Cada um deles tem suas caracter\u00edsticas, adequando-se a diferentes tipos de ambientes de trabalho e necessidades log\u00edsticas. <\/p>\n<p>No contexto de Feira de Santana, que \u00e9 um importante entroncamento comercial e industrial na Bahia, o uso eficiente das empilhadeiras \u00e9 crucial para o aumento da produtividade e a diminui\u00e7\u00e3o dos custos operacionais nas empresas. Ao automatizar a movimenta\u00e7\u00e3o de cargas, as empresas podem focar em tarefas mais estrat\u00e9gicas, otimizando o tempo e recursos. <\/p>\n<p><strong>Tipos de Empilhadeiras: Qual \u00e9 a Ideal para Sua Necessidade?<\/strong> <\/p>\n<p>Existem diversos tipos de empilhadeiras, desde as mais simples at\u00e9 as mais complexas. As empilhadeiras el\u00e9tricas s\u00e3o silenciosas e n\u00e3o emitem poluentes, tornando-se ideais para ambientes fechados, como armaz\u00e9ns e f\u00e1bricas. J\u00e1 as empilhadeiras a combust\u00e3o, que usam diesel ou g\u00e1s, s\u00e3o perfeitas para opera\u00e7\u00f5es externas, onde a for\u00e7a e a resist\u00eancia s\u00e3o necess\u00e1rias. <\/p>\n<p>A Nigro Equipamentos oferece uma variedade de modelos, incluindo empilhadeiras manuais, el\u00e9tricas e a combust\u00e3o, sempre adequando as recomenda\u00e7\u00f5es \u00e0s necessidades espec\u00edficas de cada cliente. Isso permite que as empresas em Feira de Santana possam encontrar a solu\u00e7\u00e3o mais eficaz para a movimenta\u00e7\u00e3o de suas mercadorias. <\/p>\n<p><strong>Loca\u00e7\u00e3o de Empilhadeiras: Uma Solu\u00e7\u00e3o Pr\u00e1tica e Econ\u00f4mica<\/strong> <\/p>\n<p>Para muitas empresas, a loca\u00e7\u00e3o de empilhadeiras \u00e9 uma op\u00e7\u00e3o vantajosa, especialmente em \u00e9pocas de alta demanda ou para projetos tempor\u00e1rios. A Nigro Equipamentos entende esse cen\u00e1rio e disponibiliza um portf\u00f3lio diversificado de empilhadeiras para loca\u00e7\u00e3o. <\/p>\n<p>Ao alugar uma empilhadeira, as empresas n\u00e3o precisam se preocupar com manuten\u00e7\u00e3o e deprecia\u00e7\u00e3o, podendo adaptar a frota de acordo com as necessidades do momento, o que proporciona flexibilidade financeira e operacional. <\/p>\n<p><strong>Por Que Escolher a Nigro Equipamentos?<\/strong> <\/p>\n<p>A Nigro Equipamentos n\u00e3o \u00e9 apenas uma fornecedora de m\u00e1quinas; \u00e9 uma empresa completa e hol\u00edstica. Com um compromisso s\u00e9rio com a qualidade, a Nigro oferece suporte t\u00e9cnico, manuten\u00e7\u00e3o, e um excelente atendimento ao cliente. Isso se traduz em parcerias de longo prazo, onde a Nigro est\u00e1 sempre ao lado de seus clientes, ajudando a otimizar cada opera\u00e7\u00e3o. <\/p>\n<p>Al\u00e9m disso, a experi\u00eancia acumulada ao longo dos anos em Feira de Santana e nas cidades circunvizinhas, posiciona a Nigro Equipamentos como a escolha certa para quem procura n\u00e3o s\u00f3 a venda ou loca\u00e7\u00e3o de empilhadeiras, mas tamb\u00e9m um parceiro confi\u00e1vel no sucesso log\u00edstico. <\/p>\n<p>Se voc\u00ea est\u00e1 precisando de empilhadeiras em Feira de Santana, venha conhecer as solu\u00e7\u00f5es que a Nigro Equipamentos tem para oferecer. A sua satisfa\u00e7\u00e3o e seguran\u00e7a no manuseio de cargas \u00e9 nossa prioridade! <\/p>\n<p>Em suma, as empilhadeiras desempenham um papel vital na efici\u00eancia das opera\u00e7\u00f5es log\u00edsticas em Feira de Santana, e a Nigro Equipamentos se apresenta como a melhor op\u00e7\u00e3o para garantir que sua empresa esteja sempre equipada para atender a demanda do mercado.<\/p>\n","protected":false},"excerpt":{"rendered":"<p>As empilhadeiras s\u00e3o pilares essenciais na opera\u00e7\u00e3o log\u00edstica, especialmente em cidades movimentadas como Feira de Santana. Neste artigo, exploraremos a import\u00e2ncia desses equipamentos, os diferentes tipos dispon\u00edveis no mercado, e como a Nigro Equipamentos se destaca na venda e loca\u00e7\u00e3o dessas m\u00e1quinas vitais para o sucesso das opera\u00e7\u00f5es comerciais. A Evolu\u00e7\u00e3o das Empilhadeiras e Seu&hellip;&nbsp;<a href=\"https:\/\/nigroequipamentos.com.br\/conteudo\/descubra-como-as-empilhadeiras-transformam-a-logistica-em-feira-de-santana-4\/\" class=\"\" rel=\"bookmark\">Continue a ler &raquo;<span class=\"screen-reader-text\">Descubra Como as Empilhadeiras Transformam a Log\u00edstica em Feira de Santana<\/span><\/a><\/p>\n","protected":false},"author":1,"featured_media":17,"comment_status":"","ping_status":"open","sticky":false,"template":"","format":"standard","meta":{"_acf_changed":false,"_yoast_wpseo_focuskw":"empilhadeiras em Feira de Santana","_yoast_wpseo_title":"Empilhadeiras em Feira de Santana: A Solu\u00e7\u00e3o da Nigro Equipamentos","_yoast_wpseo_metadesc":"Descubra a import\u00e2ncia das empilhadeiras na log\u00edstica. Conhe\u00e7a a Nigro Equipamentos, sua refer\u00eancia em venda e loca\u00e7\u00e3o de empilhadeiras em Feira de Santana.","neve_meta_sidebar":"","neve_meta_container":"","neve_meta_enable_content_width":"","neve_meta_content_width":0,"neve_meta_title_alignment":"","neve_meta_author_avatar":"","neve_post_elements_order":"","neve_meta_disable_header":"","neve_meta_disable_footer":"","neve_meta_disable_title":"","footnotes":""},"categories":[13],"tags":[],"class_list":["post-105842","post","type-post","status-publish","format-standard","has-post-thumbnail","hentry","category-brasil"],"acf":[],"yoast_head":"<!-- This site is optimized with the Yoast SEO Premium plugin v18.3 (Yoast SEO v23.4) - https:\/\/yoast.com\/wordpress\/plugins\/seo\/ -->\n<title>Empilhadeiras em Feira de Santana: A Solu\u00e7\u00e3o da Nigro Equipamentos<\/title>\n<meta name=\"description\" content=\"Descubra a import\u00e2ncia das empilhadeiras na log\u00edstica. Conhe\u00e7a a Nigro Equipamentos, sua refer\u00eancia em venda e loca\u00e7\u00e3o de empilhadeiras em Feira de Santana.\" \/>\n<meta name=\"robots\" content=\"index, follow, max-snippet:-1, max-image-preview:large, max-video-preview:-1\" \/>\n<link rel=\"canonical\" href=\"https:\/\/nigroequipamentos.com.br\/conteudo\/descubra-como-as-empilhadeiras-transformam-a-logistica-em-feira-de-santana-4\/\" \/>\n<meta property=\"og:locale\" content=\"pt_BR\" \/>\n<meta property=\"og:type\" content=\"article\" \/>\n<meta property=\"og:title\" content=\"Descubra Como as Empilhadeiras Transformam a Log\u00edstica em Feira de Santana\" \/>\n<meta property=\"og:description\" content=\"Descubra a import\u00e2ncia das empilhadeiras na log\u00edstica. Conhe\u00e7a a Nigro Equipamentos, sua refer\u00eancia em venda e loca\u00e7\u00e3o de empilhadeiras em Feira de Santana.\" \/>\n<meta property=\"og:url\" content=\"https:\/\/nigroequipamentos.com.br\/conteudo\/descubra-como-as-empilhadeiras-transformam-a-logistica-em-feira-de-santana-4\/\" \/>\n<meta property=\"og:site_name\" content=\"Nigro Equipamentos\" \/>\n<meta property=\"article:publisher\" content=\"https:\/\/www.facebook.com\/nigroequipamentos\" \/>\n<meta property=\"article:published_time\" content=\"2026-04-27T01:56:06+00:00\" \/>\n<meta property=\"og:image\" content=\"https:\/\/nigroequipamentos.com.br\/conteudo\/wp-content\/uploads\/2024\/10\/nigro-equipamentos.webp\" \/>\n\t<meta property=\"og:image:width\" content=\"1200\" \/>\n\t<meta property=\"og:image:height\" content=\"678\" \/>\n\t<meta property=\"og:image:type\" content=\"image\/webp\" \/>\n<meta name=\"author\" content=\"admin\" \/>\n<meta name=\"twitter:card\" content=\"summary_large_image\" \/>\n<meta name=\"twitter:label1\" content=\"Escrito por\" \/>\n\t<meta name=\"twitter:data1\" content=\"admin\" \/>\n\t<meta name=\"twitter:label2\" content=\"Est. tempo de leitura\" \/>\n\t<meta name=\"twitter:data2\" content=\"3 minutos\" \/>\n<script type=\"application\/ld+json\" class=\"yoast-schema-graph\">{\"@context\":\"https:\/\/schema.org\",\"@graph\":[{\"@type\":\"Article\",\"@id\":\"https:\/\/nigroequipamentos.com.br\/conteudo\/descubra-como-as-empilhadeiras-transformam-a-logistica-em-feira-de-santana-4\/#article\",\"isPartOf\":{\"@id\":\"https:\/\/nigroequipamentos.com.br\/conteudo\/descubra-como-as-empilhadeiras-transformam-a-logistica-em-feira-de-santana-4\/\"},\"author\":{\"name\":\"admin\",\"@id\":\"https:\/\/nigroequipamentos.com.br\/conteudo\/#\/schema\/person\/fcea30745d02308eb99e98a355ab1ca7\"},\"headline\":\"Descubra Como as Empilhadeiras Transformam a Log\u00edstica em Feira de Santana\",\"datePublished\":\"2026-04-27T01:56:06+00:00\",\"dateModified\":\"2026-04-27T01:56:06+00:00\",\"mainEntityOfPage\":{\"@id\":\"https:\/\/nigroequipamentos.com.br\/conteudo\/descubra-como-as-empilhadeiras-transformam-a-logistica-em-feira-de-santana-4\/\"},\"wordCount\":598,\"publisher\":{\"@id\":\"https:\/\/nigroequipamentos.com.br\/conteudo\/#organization\"},\"image\":{\"@id\":\"https:\/\/nigroequipamentos.com.br\/conteudo\/descubra-como-as-empilhadeiras-transformam-a-logistica-em-feira-de-santana-4\/#primaryimage\"},\"thumbnailUrl\":\"https:\/\/nigroequipamentos.com.br\/conteudo\/wp-content\/uploads\/2024\/10\/nigro-equipamentos.webp\",\"articleSection\":[\"Brasil\"],\"inLanguage\":\"pt-BR\"},{\"@type\":\"WebPage\",\"@id\":\"https:\/\/nigroequipamentos.com.br\/conteudo\/descubra-como-as-empilhadeiras-transformam-a-logistica-em-feira-de-santana-4\/\",\"url\":\"https:\/\/nigroequipamentos.com.br\/conteudo\/descubra-como-as-empilhadeiras-transformam-a-logistica-em-feira-de-santana-4\/\",\"name\":\"Empilhadeiras em Feira de Santana: A Solu\u00e7\u00e3o da Nigro Equipamentos\",\"isPartOf\":{\"@id\":\"https:\/\/nigroequipamentos.com.br\/conteudo\/#website\"},\"primaryImageOfPage\":{\"@id\":\"https:\/\/nigroequipamentos.com.br\/conteudo\/descubra-como-as-empilhadeiras-transformam-a-logistica-em-feira-de-santana-4\/#primaryimage\"},\"image\":{\"@id\":\"https:\/\/nigroequipamentos.com.br\/conteudo\/descubra-como-as-empilhadeiras-transformam-a-logistica-em-feira-de-santana-4\/#primaryimage\"},\"thumbnailUrl\":\"https:\/\/nigroequipamentos.com.br\/conteudo\/wp-content\/uploads\/2024\/10\/nigro-equipamentos.webp\",\"datePublished\":\"2026-04-27T01:56:06+00:00\",\"dateModified\":\"2026-04-27T01:56:06+00:00\",\"description\":\"Descubra a import\u00e2ncia das empilhadeiras na log\u00edstica. Conhe\u00e7a a Nigro Equipamentos, sua refer\u00eancia em venda e loca\u00e7\u00e3o de empilhadeiras em Feira de Santana.\",\"breadcrumb\":{\"@id\":\"https:\/\/nigroequipamentos.com.br\/conteudo\/descubra-como-as-empilhadeiras-transformam-a-logistica-em-feira-de-santana-4\/#breadcrumb\"},\"inLanguage\":\"pt-BR\",\"potentialAction\":[{\"@type\":\"ReadAction\",\"target\":[\"https:\/\/nigroequipamentos.com.br\/conteudo\/descubra-como-as-empilhadeiras-transformam-a-logistica-em-feira-de-santana-4\/\"]}]},{\"@type\":\"ImageObject\",\"inLanguage\":\"pt-BR\",\"@id\":\"https:\/\/nigroequipamentos.com.br\/conteudo\/descubra-como-as-empilhadeiras-transformam-a-logistica-em-feira-de-santana-4\/#primaryimage\",\"url\":\"https:\/\/nigroequipamentos.com.br\/conteudo\/wp-content\/uploads\/2024\/10\/nigro-equipamentos.webp\",\"contentUrl\":\"https:\/\/nigroequipamentos.com.br\/conteudo\/wp-content\/uploads\/2024\/10\/nigro-equipamentos.webp\",\"width\":1200,\"height\":678},{\"@type\":\"BreadcrumbList\",\"@id\":\"https:\/\/nigroequipamentos.com.br\/conteudo\/descubra-como-as-empilhadeiras-transformam-a-logistica-em-feira-de-santana-4\/#breadcrumb\",\"itemListElement\":[{\"@type\":\"ListItem\",\"position\":1,\"name\":\"In\u00edcio\",\"item\":\"https:\/\/nigroequipamentos.com.br\/conteudo\/\"},{\"@type\":\"ListItem\",\"position\":2,\"name\":\"Descubra Como as Empilhadeiras Transformam a Log\u00edstica em Feira de Santana\"}]},{\"@type\":\"WebSite\",\"@id\":\"https:\/\/nigroequipamentos.com.br\/conteudo\/#website\",\"url\":\"https:\/\/nigroequipamentos.com.br\/conteudo\/\",\"name\":\"Nigro Equipamentos\",\"description\":\"Loca\u00e7\u00e3o e Vendas\",\"publisher\":{\"@id\":\"https:\/\/nigroequipamentos.com.br\/conteudo\/#organization\"},\"potentialAction\":[{\"@type\":\"SearchAction\",\"target\":{\"@type\":\"EntryPoint\",\"urlTemplate\":\"https:\/\/nigroequipamentos.com.br\/conteudo\/?s={search_term_string}\"},\"query-input\":{\"@type\":\"PropertyValueSpecification\",\"valueRequired\":true,\"valueName\":\"search_term_string\"}}],\"inLanguage\":\"pt-BR\"},{\"@type\":\"Organization\",\"@id\":\"https:\/\/nigroequipamentos.com.br\/conteudo\/#organization\",\"name\":\"Nigro Equipamentos\",\"url\":\"https:\/\/nigroequipamentos.com.br\/conteudo\/\",\"logo\":{\"@type\":\"ImageObject\",\"inLanguage\":\"pt-BR\",\"@id\":\"https:\/\/nigroequipamentos.com.br\/conteudo\/#\/schema\/logo\/image\/\",\"url\":\"https:\/\/nigroequipamentos.com.br\/conteudo\/wp-content\/uploads\/2024\/10\/nigroequipamentos_logo.webp\",\"contentUrl\":\"https:\/\/nigroequipamentos.com.br\/conteudo\/wp-content\/uploads\/2024\/10\/nigroequipamentos_logo.webp\",\"width\":785,\"height\":355,\"caption\":\"Nigro Equipamentos\"},\"image\":{\"@id\":\"https:\/\/nigroequipamentos.com.br\/conteudo\/#\/schema\/logo\/image\/\"},\"sameAs\":[\"https:\/\/www.facebook.com\/nigroequipamentos\",\"https:\/\/www.instagram.com\/nigroequipamentos\/\"]},{\"@type\":\"Person\",\"@id\":\"https:\/\/nigroequipamentos.com.br\/conteudo\/#\/schema\/person\/fcea30745d02308eb99e98a355ab1ca7\",\"name\":\"admin\",\"image\":{\"@type\":\"ImageObject\",\"inLanguage\":\"pt-BR\",\"@id\":\"https:\/\/nigroequipamentos.com.br\/conteudo\/#\/schema\/person\/image\/\",\"url\":\"https:\/\/secure.gravatar.com\/avatar\/8e1e805e3c53d28d73ab302708d1c1b7?s=96&d=mm&r=g\",\"contentUrl\":\"https:\/\/secure.gravatar.com\/avatar\/8e1e805e3c53d28d73ab302708d1c1b7?s=96&d=mm&r=g\",\"caption\":\"admin\"},\"sameAs\":[\"https:\/\/nigroequipamentos.com.br\/conteudo\"],\"url\":\"https:\/\/nigroequipamentos.com.br\/conteudo\/author\/admin\/\"}]}<\/script>\n<!-- \/ Yoast SEO Premium plugin. -->","yoast_head_json":{"title":"Empilhadeiras em Feira de Santana: A Solu\u00e7\u00e3o da Nigro Equipamentos","description":"Descubra a import\u00e2ncia das empilhadeiras na log\u00edstica. Conhe\u00e7a a Nigro Equipamentos, sua refer\u00eancia em venda e loca\u00e7\u00e3o de empilhadeiras em Feira de Santana.","robots":{"index":"index","follow":"follow","max-snippet":"max-snippet:-1","max-image-preview":"max-image-preview:large","max-video-preview":"max-video-preview:-1"},"canonical":"https:\/\/nigroequipamentos.com.br\/conteudo\/descubra-como-as-empilhadeiras-transformam-a-logistica-em-feira-de-santana-4\/","og_locale":"pt_BR","og_type":"article","og_title":"Descubra Como as Empilhadeiras Transformam a Log\u00edstica em Feira de Santana","og_description":"Descubra a import\u00e2ncia das empilhadeiras na log\u00edstica. Conhe\u00e7a a Nigro Equipamentos, sua refer\u00eancia em venda e loca\u00e7\u00e3o de empilhadeiras em Feira de Santana.","og_url":"https:\/\/nigroequipamentos.com.br\/conteudo\/descubra-como-as-empilhadeiras-transformam-a-logistica-em-feira-de-santana-4\/","og_site_name":"Nigro Equipamentos","article_publisher":"https:\/\/www.facebook.com\/nigroequipamentos","article_published_time":"2026-04-27T01:56:06+00:00","og_image":[{"width":1200,"height":678,"url":"https:\/\/nigroequipamentos.com.br\/conteudo\/wp-content\/uploads\/2024\/10\/nigro-equipamentos.webp","type":"image\/webp"}],"author":"admin","twitter_card":"summary_large_image","twitter_misc":{"Escrito por":"admin","Est. tempo de leitura":"3 minutos"},"schema":{"@context":"https:\/\/schema.org","@graph":[{"@type":"Article","@id":"https:\/\/nigroequipamentos.com.br\/conteudo\/descubra-como-as-empilhadeiras-transformam-a-logistica-em-feira-de-santana-4\/#article","isPartOf":{"@id":"https:\/\/nigroequipamentos.com.br\/conteudo\/descubra-como-as-empilhadeiras-transformam-a-logistica-em-feira-de-santana-4\/"},"author":{"name":"admin","@id":"https:\/\/nigroequipamentos.com.br\/conteudo\/#\/schema\/person\/fcea30745d02308eb99e98a355ab1ca7"},"headline":"Descubra Como as Empilhadeiras Transformam a Log\u00edstica em Feira de Santana","datePublished":"2026-04-27T01:56:06+00:00","dateModified":"2026-04-27T01:56:06+00:00","mainEntityOfPage":{"@id":"https:\/\/nigroequipamentos.com.br\/conteudo\/descubra-como-as-empilhadeiras-transformam-a-logistica-em-feira-de-santana-4\/"},"wordCount":598,"publisher":{"@id":"https:\/\/nigroequipamentos.com.br\/conteudo\/#organization"},"image":{"@id":"https:\/\/nigroequipamentos.com.br\/conteudo\/descubra-como-as-empilhadeiras-transformam-a-logistica-em-feira-de-santana-4\/#primaryimage"},"thumbnailUrl":"https:\/\/nigroequipamentos.com.br\/conteudo\/wp-content\/uploads\/2024\/10\/nigro-equipamentos.webp","articleSection":["Brasil"],"inLanguage":"pt-BR"},{"@type":"WebPage","@id":"https:\/\/nigroequipamentos.com.br\/conteudo\/descubra-como-as-empilhadeiras-transformam-a-logistica-em-feira-de-santana-4\/","url":"https:\/\/nigroequipamentos.com.br\/conteudo\/descubra-como-as-empilhadeiras-transformam-a-logistica-em-feira-de-santana-4\/","name":"Empilhadeiras em Feira de Santana: A Solu\u00e7\u00e3o da Nigro Equipamentos","isPartOf":{"@id":"https:\/\/nigroequipamentos.com.br\/conteudo\/#website"},"primaryImageOfPage":{"@id":"https:\/\/nigroequipamentos.com.br\/conteudo\/descubra-como-as-empilhadeiras-transformam-a-logistica-em-feira-de-santana-4\/#primaryimage"},"image":{"@id":"https:\/\/nigroequipamentos.com.br\/conteudo\/descubra-como-as-empilhadeiras-transformam-a-logistica-em-feira-de-santana-4\/#primaryimage"},"thumbnailUrl":"https:\/\/nigroequipamentos.com.br\/conteudo\/wp-content\/uploads\/2024\/10\/nigro-equipamentos.webp","datePublished":"2026-04-27T01:56:06+00:00","dateModified":"2026-04-27T01:56:06+00:00","description":"Descubra a import\u00e2ncia das empilhadeiras na log\u00edstica. Conhe\u00e7a a Nigro Equipamentos, sua refer\u00eancia em venda e loca\u00e7\u00e3o de empilhadeiras em Feira de Santana.","breadcrumb":{"@id":"https:\/\/nigroequipamentos.com.br\/conteudo\/descubra-como-as-empilhadeiras-transformam-a-logistica-em-feira-de-santana-4\/#breadcrumb"},"inLanguage":"pt-BR","potentialAction":[{"@type":"ReadAction","target":["https:\/\/nigroequipamentos.com.br\/conteudo\/descubra-como-as-empilhadeiras-transformam-a-logistica-em-feira-de-santana-4\/"]}]},{"@type":"ImageObject","inLanguage":"pt-BR","@id":"https:\/\/nigroequipamentos.com.br\/conteudo\/descubra-como-as-empilhadeiras-transformam-a-logistica-em-feira-de-santana-4\/#primaryimage","url":"https:\/\/nigroequipamentos.com.br\/conteudo\/wp-content\/uploads\/2024\/10\/nigro-equipamentos.webp","contentUrl":"https:\/\/nigroequipamentos.com.br\/conteudo\/wp-content\/uploads\/2024\/10\/nigro-equipamentos.webp","width":1200,"height":678},{"@type":"BreadcrumbList","@id":"https:\/\/nigroequipamentos.com.br\/conteudo\/descubra-como-as-empilhadeiras-transformam-a-logistica-em-feira-de-santana-4\/#breadcrumb","itemListElement":[{"@type":"ListItem","position":1,"name":"In\u00edcio","item":"https:\/\/nigroequipamentos.com.br\/conteudo\/"},{"@type":"ListItem","position":2,"name":"Descubra Como as Empilhadeiras Transformam a Log\u00edstica em Feira de Santana"}]},{"@type":"WebSite","@id":"https:\/\/nigroequipamentos.com.br\/conteudo\/#website","url":"https:\/\/nigroequipamentos.com.br\/conteudo\/","name":"Nigro Equipamentos","description":"Loca\u00e7\u00e3o e Vendas","publisher":{"@id":"https:\/\/nigroequipamentos.com.br\/conteudo\/#organization"},"potentialAction":[{"@type":"SearchAction","target":{"@type":"EntryPoint","urlTemplate":"https:\/\/nigroequipamentos.com.br\/conteudo\/?s={search_term_string}"},"query-input":{"@type":"PropertyValueSpecification","valueRequired":true,"valueName":"search_term_string"}}],"inLanguage":"pt-BR"},{"@type":"Organization","@id":"https:\/\/nigroequipamentos.com.br\/conteudo\/#organization","name":"Nigro Equipamentos","url":"https:\/\/nigroequipamentos.com.br\/conteudo\/","logo":{"@type":"ImageObject","inLanguage":"pt-BR","@id":"https:\/\/nigroequipamentos.com.br\/conteudo\/#\/schema\/logo\/image\/","url":"https:\/\/nigroequipamentos.com.br\/conteudo\/wp-content\/uploads\/2024\/10\/nigroequipamentos_logo.webp","contentUrl":"https:\/\/nigroequipamentos.com.br\/conteudo\/wp-content\/uploads\/2024\/10\/nigroequipamentos_logo.webp","width":785,"height":355,"caption":"Nigro Equipamentos"},"image":{"@id":"https:\/\/nigroequipamentos.com.br\/conteudo\/#\/schema\/logo\/image\/"},"sameAs":["https:\/\/www.facebook.com\/nigroequipamentos","https:\/\/www.instagram.com\/nigroequipamentos\/"]},{"@type":"Person","@id":"https:\/\/nigroequipamentos.com.br\/conteudo\/#\/schema\/person\/fcea30745d02308eb99e98a355ab1ca7","name":"admin","image":{"@type":"ImageObject","inLanguage":"pt-BR","@id":"https:\/\/nigroequipamentos.com.br\/conteudo\/#\/schema\/person\/image\/","url":"https:\/\/secure.gravatar.com\/avatar\/8e1e805e3c53d28d73ab302708d1c1b7?s=96&d=mm&r=g","contentUrl":"https:\/\/secure.gravatar.com\/avatar\/8e1e805e3c53d28d73ab302708d1c1b7?s=96&d=mm&r=g","caption":"admin"},"sameAs":["https:\/\/nigroequipamentos.com.br\/conteudo"],"url":"https:\/\/nigroequipamentos.com.br\/conteudo\/author\/admin\/"}]}},"_links":{"self":[{"href":"https:\/\/nigroequipamentos.com.br\/conteudo\/wp-json\/wp\/v2\/posts\/105842","targetHints":{"allow":["GET"]}}],"collection":[{"href":"https:\/\/nigroequipamentos.com.br\/conteudo\/wp-json\/wp\/v2\/posts"}],"about":[{"href":"https:\/\/nigroequipamentos.com.br\/conteudo\/wp-json\/wp\/v2\/types\/post"}],"author":[{"embeddable":true,"href":"https:\/\/nigroequipamentos.com.br\/conteudo\/wp-json\/wp\/v2\/users\/1"}],"replies":[{"embeddable":true,"href":"https:\/\/nigroequipamentos.com.br\/conteudo\/wp-json\/wp\/v2\/comments?post=105842"}],"version-history":[{"count":0,"href":"https:\/\/nigroequipamentos.com.br\/conteudo\/wp-json\/wp\/v2\/posts\/105842\/revisions"}],"wp:featuredmedia":[{"embeddable":true,"href":"https:\/\/nigroequipamentos.com.br\/conteudo\/wp-json\/wp\/v2\/media\/17"}],"wp:attachment":[{"href":"https:\/\/nigroequipamentos.com.br\/conteudo\/wp-json\/wp\/v2\/media?parent=105842"}],"wp:term":[{"taxonomy":"category","embeddable":true,"href":"https:\/\/nigroequipamentos.com.br\/conteudo\/wp-json\/wp\/v2\/categories?post=105842"},{"taxonomy":"post_tag","embeddable":true,"href":"https:\/\/nigroequipamentos.com.br\/conteudo\/wp-json\/wp\/v2\/tags?post=105842"}],"curies":[{"name":"wp","href":"https:\/\/api.w.org\/{rel}","templated":true}]}}