{"id":105807,"date":"2026-04-26T19:01:00","date_gmt":"2026-04-26T22:01:00","guid":{"rendered":"https:\/\/nigroequipamentos.com.br\/conteudo\/elevacao-de-ideias-a-revolucao-das-plataformas-elevatorias-compactas-em-recife\/"},"modified":"2026-04-26T19:01:00","modified_gmt":"2026-04-26T22:01:00","slug":"elevacao-de-ideias-a-revolucao-das-plataformas-elevatorias-compactas-em-recife","status":"publish","type":"post","link":"https:\/\/nigroequipamentos.com.br\/conteudo\/elevacao-de-ideias-a-revolucao-das-plataformas-elevatorias-compactas-em-recife\/","title":{"rendered":"Eleva\u00e7\u00e3o de Ideias: A Revolu\u00e7\u00e3o das Plataformas Elevat\u00f3rias Compactas em Recife"},"content":{"rendered":"<p><strong>Introdu\u00e7\u00e3o \u00e0s Plataformas Elevat\u00f3rias Compactas<\/strong><br \/>As plataformas elevat\u00f3rias compactas t\u00eam se tornado essenciais em projetos de constru\u00e7\u00e3o, manuten\u00e7\u00e3o e eventos, especialmente em \u00e1reas urbanas como Recife, onde a mobilidade e o espa\u00e7o s\u00e3o limitados. Esses equipamentos vers\u00e1teis s\u00e3o projetados para oferecer uma eleva\u00e7\u00e3o segura e eficiente, permitindo que os trabalhadores acessem locais altos de forma pr\u00e1tica e segura. Neste artigo, vamos explorar as vantagens dessas plataformas, a sua aplica\u00e7\u00e3o em Recife e por que a Nigro Equipamentos se destaca nesse mercado. <\/p>\n<p> <strong>O que \u00e9 uma Plataforma Elevat\u00f3ria Compacta?<\/strong><br \/>Uma plataforma elevat\u00f3ria compacta \u00e9 um dispositivo que eleva pessoas e materiais a alturas consider\u00e1veis, com um design otimizado para manobras em espa\u00e7os reduzidos. Comumente utilizadas em constru\u00e7\u00f5es, manuten\u00e7\u00e3o de fachadas e em eventos, essas plataformas possuem dimens\u00f5es que tornam seu uso em \u00e1reas congestionadas muito mais vi\u00e1vel. <\/p>\n<p> <strong>Vantagens das Plataformas Elevat\u00f3rias Compactas<\/strong><br \/>Em Recife, as plataformas elevat\u00f3rias compactas oferecem diversas vantagens. Entre as principais est\u00e3o a efici\u00eancia no espa\u00e7o, a facilidade de manobra e a seguran\u00e7a operacional. O design compacto permite que esses equipamentos sejam utilizados em locais apertados, como obras em ruas multiuso ou internamente em pr\u00e9dios antigos. Al\u00e9m disso, muitos modelos s\u00e3o el\u00e9tricos, contribuindo para uma opera\u00e7\u00e3o mais silenciosa e com menor impacto ambiental. <\/p>\n<p> <strong>Aplica\u00e7\u00f5es Pr\u00e1ticas em Recife<\/strong><br \/>Recife \u00e9 uma cidade com uma infraestrutura rica, mas que apresenta desafios em termos de espa\u00e7o. Em projetos de reabilita\u00e7\u00e3o de edif\u00edcios hist\u00f3ricos ou na instala\u00e7\u00e3o de novos letreiros e ilumina\u00e7\u00e3o em \u00e1reas comerciais, as plataformas elevat\u00f3rias compactas s\u00e3o a escolha ideal. Por exemplo, em locais tur\u00edsticos como o Recife Antigo, a utiliza\u00e7\u00e3o dessas plataformas pode facilitar reparos e manuten\u00e7\u00f5es sem causar grandes interrup\u00e7\u00f5es no fluxo de visitantes. <\/p>\n<p> <strong>Porque Escolher a Nigro Equipamentos<\/strong><br \/>Ao considerar a compra ou loca\u00e7\u00e3o de uma plataforma elevat\u00f3ria compacta em Recife, \u00e9 fundamental escolher uma empresa que compreenda as necessidades espec\u00edficas de sua obra. A Nigro Equipamentos se destaca por ser uma empresa completa e hol\u00edstica na venda e loca\u00e7\u00e3o de equipamentos. Com uma vasta gama de produtos, op\u00e7\u00f5es de loca\u00e7\u00e3o acess\u00edveis e uma equipe de especialistas prontos para auxiliar na escolha do equipamento adequado, a Nigro \u00e9 a escolha confi\u00e1vel para sua pr\u00f3xima empreitada. <\/p>\n<p> <strong>Conclus\u00e3o<\/strong><br \/>As plataformas elevat\u00f3rias compactas s\u00e3o uma solu\u00e7\u00e3o eficaz e adapt\u00e1vel \u00e0s demandas do mercado recifense. Ao unirem seguran\u00e7a, praticidade e efici\u00eancia, estas ferramentas t\u00eam transformado a maneira como obras e manuten\u00e7\u00f5es s\u00e3o realizadas na cidade. E com a Nigro Equipamentos ao seu lado, voc\u00ea garante n\u00e3o apenas um excelente equipamento, mas um suporte completo e profissional, tornando suas opera\u00e7\u00f5es ainda mais robustas e eficientes.<\/p>\n","protected":false},"excerpt":{"rendered":"<p>Introdu\u00e7\u00e3o \u00e0s Plataformas Elevat\u00f3rias CompactasAs plataformas elevat\u00f3rias compactas t\u00eam se tornado essenciais em projetos de constru\u00e7\u00e3o, manuten\u00e7\u00e3o e eventos, especialmente em \u00e1reas urbanas como Recife, onde a mobilidade e o espa\u00e7o s\u00e3o limitados. Esses equipamentos vers\u00e1teis s\u00e3o projetados para oferecer uma eleva\u00e7\u00e3o segura e eficiente, permitindo que os trabalhadores acessem locais altos de forma pr\u00e1tica&hellip;&nbsp;<a href=\"https:\/\/nigroequipamentos.com.br\/conteudo\/elevacao-de-ideias-a-revolucao-das-plataformas-elevatorias-compactas-em-recife\/\" class=\"\" rel=\"bookmark\">Continue a ler &raquo;<span class=\"screen-reader-text\">Eleva\u00e7\u00e3o de Ideias: A Revolu\u00e7\u00e3o das Plataformas Elevat\u00f3rias Compactas em Recife<\/span><\/a><\/p>\n","protected":false},"author":1,"featured_media":17,"comment_status":"","ping_status":"open","sticky":false,"template":"","format":"standard","meta":{"_acf_changed":false,"_yoast_wpseo_focuskw":"Plataforma elevat\u00f3ria compacta em Recife","_yoast_wpseo_title":"Plataformas Elevat\u00f3rias Compactas: A Solu\u00e7\u00e3o Ideal em Recife","_yoast_wpseo_metadesc":"Descubra como as plataformas elevat\u00f3rias compactas est\u00e3o transformando os projetos urbanos em Recife e por que a Nigro Equipamentos \u00e9 a escolha ideal para loca\u00e7\u00e3o e venda.","neve_meta_sidebar":"","neve_meta_container":"","neve_meta_enable_content_width":"","neve_meta_content_width":0,"neve_meta_title_alignment":"","neve_meta_author_avatar":"","neve_post_elements_order":"","neve_meta_disable_header":"","neve_meta_disable_footer":"","neve_meta_disable_title":"","footnotes":""},"categories":[5],"tags":[],"class_list":["post-105807","post","type-post","status-publish","format-standard","has-post-thumbnail","hentry","category-recife"],"acf":[],"yoast_head":"<!-- This site is optimized with the Yoast SEO Premium plugin v18.3 (Yoast SEO v23.4) - https:\/\/yoast.com\/wordpress\/plugins\/seo\/ -->\n<title>Plataformas Elevat\u00f3rias Compactas: A Solu\u00e7\u00e3o Ideal em Recife<\/title>\n<meta name=\"description\" content=\"Descubra como as plataformas elevat\u00f3rias compactas est\u00e3o transformando os projetos urbanos em Recife e por que a Nigro Equipamentos \u00e9 a escolha ideal para loca\u00e7\u00e3o e venda.\" \/>\n<meta name=\"robots\" content=\"index, follow, max-snippet:-1, max-image-preview:large, max-video-preview:-1\" \/>\n<link rel=\"canonical\" href=\"https:\/\/nigroequipamentos.com.br\/conteudo\/elevacao-de-ideias-a-revolucao-das-plataformas-elevatorias-compactas-em-recife\/\" \/>\n<meta property=\"og:locale\" content=\"pt_BR\" \/>\n<meta property=\"og:type\" content=\"article\" \/>\n<meta property=\"og:title\" content=\"Eleva\u00e7\u00e3o de Ideias: A Revolu\u00e7\u00e3o das Plataformas Elevat\u00f3rias Compactas em Recife\" \/>\n<meta property=\"og:description\" content=\"Descubra como as plataformas elevat\u00f3rias compactas est\u00e3o transformando os projetos urbanos em Recife e por que a Nigro Equipamentos \u00e9 a escolha ideal para loca\u00e7\u00e3o e venda.\" \/>\n<meta property=\"og:url\" content=\"https:\/\/nigroequipamentos.com.br\/conteudo\/elevacao-de-ideias-a-revolucao-das-plataformas-elevatorias-compactas-em-recife\/\" \/>\n<meta property=\"og:site_name\" content=\"Nigro Equipamentos\" \/>\n<meta property=\"article:publisher\" content=\"https:\/\/www.facebook.com\/nigroequipamentos\" \/>\n<meta property=\"article:published_time\" content=\"2026-04-26T22:01:00+00:00\" \/>\n<meta property=\"og:image\" content=\"https:\/\/nigroequipamentos.com.br\/conteudo\/wp-content\/uploads\/2024\/10\/nigro-equipamentos.webp\" \/>\n\t<meta property=\"og:image:width\" content=\"1200\" \/>\n\t<meta property=\"og:image:height\" content=\"678\" \/>\n\t<meta property=\"og:image:type\" content=\"image\/webp\" \/>\n<meta name=\"author\" content=\"admin\" \/>\n<meta name=\"twitter:card\" content=\"summary_large_image\" \/>\n<meta name=\"twitter:label1\" content=\"Escrito por\" \/>\n\t<meta name=\"twitter:data1\" content=\"admin\" \/>\n\t<meta name=\"twitter:label2\" content=\"Est. tempo de leitura\" \/>\n\t<meta name=\"twitter:data2\" content=\"2 minutos\" \/>\n<script type=\"application\/ld+json\" class=\"yoast-schema-graph\">{\"@context\":\"https:\/\/schema.org\",\"@graph\":[{\"@type\":\"Article\",\"@id\":\"https:\/\/nigroequipamentos.com.br\/conteudo\/elevacao-de-ideias-a-revolucao-das-plataformas-elevatorias-compactas-em-recife\/#article\",\"isPartOf\":{\"@id\":\"https:\/\/nigroequipamentos.com.br\/conteudo\/elevacao-de-ideias-a-revolucao-das-plataformas-elevatorias-compactas-em-recife\/\"},\"author\":{\"name\":\"admin\",\"@id\":\"https:\/\/nigroequipamentos.com.br\/conteudo\/#\/schema\/person\/fcea30745d02308eb99e98a355ab1ca7\"},\"headline\":\"Eleva\u00e7\u00e3o de Ideias: A Revolu\u00e7\u00e3o das Plataformas Elevat\u00f3rias Compactas em Recife\",\"datePublished\":\"2026-04-26T22:01:00+00:00\",\"dateModified\":\"2026-04-26T22:01:00+00:00\",\"mainEntityOfPage\":{\"@id\":\"https:\/\/nigroequipamentos.com.br\/conteudo\/elevacao-de-ideias-a-revolucao-das-plataformas-elevatorias-compactas-em-recife\/\"},\"wordCount\":501,\"publisher\":{\"@id\":\"https:\/\/nigroequipamentos.com.br\/conteudo\/#organization\"},\"image\":{\"@id\":\"https:\/\/nigroequipamentos.com.br\/conteudo\/elevacao-de-ideias-a-revolucao-das-plataformas-elevatorias-compactas-em-recife\/#primaryimage\"},\"thumbnailUrl\":\"https:\/\/nigroequipamentos.com.br\/conteudo\/wp-content\/uploads\/2024\/10\/nigro-equipamentos.webp\",\"articleSection\":[\"Recife\"],\"inLanguage\":\"pt-BR\"},{\"@type\":\"WebPage\",\"@id\":\"https:\/\/nigroequipamentos.com.br\/conteudo\/elevacao-de-ideias-a-revolucao-das-plataformas-elevatorias-compactas-em-recife\/\",\"url\":\"https:\/\/nigroequipamentos.com.br\/conteudo\/elevacao-de-ideias-a-revolucao-das-plataformas-elevatorias-compactas-em-recife\/\",\"name\":\"Plataformas Elevat\u00f3rias Compactas: A Solu\u00e7\u00e3o Ideal em Recife\",\"isPartOf\":{\"@id\":\"https:\/\/nigroequipamentos.com.br\/conteudo\/#website\"},\"primaryImageOfPage\":{\"@id\":\"https:\/\/nigroequipamentos.com.br\/conteudo\/elevacao-de-ideias-a-revolucao-das-plataformas-elevatorias-compactas-em-recife\/#primaryimage\"},\"image\":{\"@id\":\"https:\/\/nigroequipamentos.com.br\/conteudo\/elevacao-de-ideias-a-revolucao-das-plataformas-elevatorias-compactas-em-recife\/#primaryimage\"},\"thumbnailUrl\":\"https:\/\/nigroequipamentos.com.br\/conteudo\/wp-content\/uploads\/2024\/10\/nigro-equipamentos.webp\",\"datePublished\":\"2026-04-26T22:01:00+00:00\",\"dateModified\":\"2026-04-26T22:01:00+00:00\",\"description\":\"Descubra como as plataformas elevat\u00f3rias compactas est\u00e3o transformando os projetos urbanos em Recife e por que a Nigro Equipamentos \u00e9 a escolha ideal para loca\u00e7\u00e3o e venda.\",\"breadcrumb\":{\"@id\":\"https:\/\/nigroequipamentos.com.br\/conteudo\/elevacao-de-ideias-a-revolucao-das-plataformas-elevatorias-compactas-em-recife\/#breadcrumb\"},\"inLanguage\":\"pt-BR\",\"potentialAction\":[{\"@type\":\"ReadAction\",\"target\":[\"https:\/\/nigroequipamentos.com.br\/conteudo\/elevacao-de-ideias-a-revolucao-das-plataformas-elevatorias-compactas-em-recife\/\"]}]},{\"@type\":\"ImageObject\",\"inLanguage\":\"pt-BR\",\"@id\":\"https:\/\/nigroequipamentos.com.br\/conteudo\/elevacao-de-ideias-a-revolucao-das-plataformas-elevatorias-compactas-em-recife\/#primaryimage\",\"url\":\"https:\/\/nigroequipamentos.com.br\/conteudo\/wp-content\/uploads\/2024\/10\/nigro-equipamentos.webp\",\"contentUrl\":\"https:\/\/nigroequipamentos.com.br\/conteudo\/wp-content\/uploads\/2024\/10\/nigro-equipamentos.webp\",\"width\":1200,\"height\":678},{\"@type\":\"BreadcrumbList\",\"@id\":\"https:\/\/nigroequipamentos.com.br\/conteudo\/elevacao-de-ideias-a-revolucao-das-plataformas-elevatorias-compactas-em-recife\/#breadcrumb\",\"itemListElement\":[{\"@type\":\"ListItem\",\"position\":1,\"name\":\"In\u00edcio\",\"item\":\"https:\/\/nigroequipamentos.com.br\/conteudo\/\"},{\"@type\":\"ListItem\",\"position\":2,\"name\":\"Eleva\u00e7\u00e3o de Ideias: A Revolu\u00e7\u00e3o das Plataformas Elevat\u00f3rias Compactas em Recife\"}]},{\"@type\":\"WebSite\",\"@id\":\"https:\/\/nigroequipamentos.com.br\/conteudo\/#website\",\"url\":\"https:\/\/nigroequipamentos.com.br\/conteudo\/\",\"name\":\"Nigro Equipamentos\",\"description\":\"Loca\u00e7\u00e3o e Vendas\",\"publisher\":{\"@id\":\"https:\/\/nigroequipamentos.com.br\/conteudo\/#organization\"},\"potentialAction\":[{\"@type\":\"SearchAction\",\"target\":{\"@type\":\"EntryPoint\",\"urlTemplate\":\"https:\/\/nigroequipamentos.com.br\/conteudo\/?s={search_term_string}\"},\"query-input\":{\"@type\":\"PropertyValueSpecification\",\"valueRequired\":true,\"valueName\":\"search_term_string\"}}],\"inLanguage\":\"pt-BR\"},{\"@type\":\"Organization\",\"@id\":\"https:\/\/nigroequipamentos.com.br\/conteudo\/#organization\",\"name\":\"Nigro Equipamentos\",\"url\":\"https:\/\/nigroequipamentos.com.br\/conteudo\/\",\"logo\":{\"@type\":\"ImageObject\",\"inLanguage\":\"pt-BR\",\"@id\":\"https:\/\/nigroequipamentos.com.br\/conteudo\/#\/schema\/logo\/image\/\",\"url\":\"https:\/\/nigroequipamentos.com.br\/conteudo\/wp-content\/uploads\/2024\/10\/nigroequipamentos_logo.webp\",\"contentUrl\":\"https:\/\/nigroequipamentos.com.br\/conteudo\/wp-content\/uploads\/2024\/10\/nigroequipamentos_logo.webp\",\"width\":785,\"height\":355,\"caption\":\"Nigro Equipamentos\"},\"image\":{\"@id\":\"https:\/\/nigroequipamentos.com.br\/conteudo\/#\/schema\/logo\/image\/\"},\"sameAs\":[\"https:\/\/www.facebook.com\/nigroequipamentos\",\"https:\/\/www.instagram.com\/nigroequipamentos\/\"]},{\"@type\":\"Person\",\"@id\":\"https:\/\/nigroequipamentos.com.br\/conteudo\/#\/schema\/person\/fcea30745d02308eb99e98a355ab1ca7\",\"name\":\"admin\",\"image\":{\"@type\":\"ImageObject\",\"inLanguage\":\"pt-BR\",\"@id\":\"https:\/\/nigroequipamentos.com.br\/conteudo\/#\/schema\/person\/image\/\",\"url\":\"https:\/\/secure.gravatar.com\/avatar\/8e1e805e3c53d28d73ab302708d1c1b7?s=96&d=mm&r=g\",\"contentUrl\":\"https:\/\/secure.gravatar.com\/avatar\/8e1e805e3c53d28d73ab302708d1c1b7?s=96&d=mm&r=g\",\"caption\":\"admin\"},\"sameAs\":[\"https:\/\/nigroequipamentos.com.br\/conteudo\"],\"url\":\"https:\/\/nigroequipamentos.com.br\/conteudo\/author\/admin\/\"}]}<\/script>\n<!-- \/ Yoast SEO Premium plugin. -->","yoast_head_json":{"title":"Plataformas Elevat\u00f3rias Compactas: A Solu\u00e7\u00e3o Ideal em Recife","description":"Descubra como as plataformas elevat\u00f3rias compactas est\u00e3o transformando os projetos urbanos em Recife e por que a Nigro Equipamentos \u00e9 a escolha ideal para loca\u00e7\u00e3o e venda.","robots":{"index":"index","follow":"follow","max-snippet":"max-snippet:-1","max-image-preview":"max-image-preview:large","max-video-preview":"max-video-preview:-1"},"canonical":"https:\/\/nigroequipamentos.com.br\/conteudo\/elevacao-de-ideias-a-revolucao-das-plataformas-elevatorias-compactas-em-recife\/","og_locale":"pt_BR","og_type":"article","og_title":"Eleva\u00e7\u00e3o de Ideias: A Revolu\u00e7\u00e3o das Plataformas Elevat\u00f3rias Compactas em Recife","og_description":"Descubra como as plataformas elevat\u00f3rias compactas est\u00e3o transformando os projetos urbanos em Recife e por que a Nigro Equipamentos \u00e9 a escolha ideal para loca\u00e7\u00e3o e venda.","og_url":"https:\/\/nigroequipamentos.com.br\/conteudo\/elevacao-de-ideias-a-revolucao-das-plataformas-elevatorias-compactas-em-recife\/","og_site_name":"Nigro Equipamentos","article_publisher":"https:\/\/www.facebook.com\/nigroequipamentos","article_published_time":"2026-04-26T22:01:00+00:00","og_image":[{"width":1200,"height":678,"url":"https:\/\/nigroequipamentos.com.br\/conteudo\/wp-content\/uploads\/2024\/10\/nigro-equipamentos.webp","type":"image\/webp"}],"author":"admin","twitter_card":"summary_large_image","twitter_misc":{"Escrito por":"admin","Est. tempo de leitura":"2 minutos"},"schema":{"@context":"https:\/\/schema.org","@graph":[{"@type":"Article","@id":"https:\/\/nigroequipamentos.com.br\/conteudo\/elevacao-de-ideias-a-revolucao-das-plataformas-elevatorias-compactas-em-recife\/#article","isPartOf":{"@id":"https:\/\/nigroequipamentos.com.br\/conteudo\/elevacao-de-ideias-a-revolucao-das-plataformas-elevatorias-compactas-em-recife\/"},"author":{"name":"admin","@id":"https:\/\/nigroequipamentos.com.br\/conteudo\/#\/schema\/person\/fcea30745d02308eb99e98a355ab1ca7"},"headline":"Eleva\u00e7\u00e3o de Ideias: A Revolu\u00e7\u00e3o das Plataformas Elevat\u00f3rias Compactas em Recife","datePublished":"2026-04-26T22:01:00+00:00","dateModified":"2026-04-26T22:01:00+00:00","mainEntityOfPage":{"@id":"https:\/\/nigroequipamentos.com.br\/conteudo\/elevacao-de-ideias-a-revolucao-das-plataformas-elevatorias-compactas-em-recife\/"},"wordCount":501,"publisher":{"@id":"https:\/\/nigroequipamentos.com.br\/conteudo\/#organization"},"image":{"@id":"https:\/\/nigroequipamentos.com.br\/conteudo\/elevacao-de-ideias-a-revolucao-das-plataformas-elevatorias-compactas-em-recife\/#primaryimage"},"thumbnailUrl":"https:\/\/nigroequipamentos.com.br\/conteudo\/wp-content\/uploads\/2024\/10\/nigro-equipamentos.webp","articleSection":["Recife"],"inLanguage":"pt-BR"},{"@type":"WebPage","@id":"https:\/\/nigroequipamentos.com.br\/conteudo\/elevacao-de-ideias-a-revolucao-das-plataformas-elevatorias-compactas-em-recife\/","url":"https:\/\/nigroequipamentos.com.br\/conteudo\/elevacao-de-ideias-a-revolucao-das-plataformas-elevatorias-compactas-em-recife\/","name":"Plataformas Elevat\u00f3rias Compactas: A Solu\u00e7\u00e3o Ideal em Recife","isPartOf":{"@id":"https:\/\/nigroequipamentos.com.br\/conteudo\/#website"},"primaryImageOfPage":{"@id":"https:\/\/nigroequipamentos.com.br\/conteudo\/elevacao-de-ideias-a-revolucao-das-plataformas-elevatorias-compactas-em-recife\/#primaryimage"},"image":{"@id":"https:\/\/nigroequipamentos.com.br\/conteudo\/elevacao-de-ideias-a-revolucao-das-plataformas-elevatorias-compactas-em-recife\/#primaryimage"},"thumbnailUrl":"https:\/\/nigroequipamentos.com.br\/conteudo\/wp-content\/uploads\/2024\/10\/nigro-equipamentos.webp","datePublished":"2026-04-26T22:01:00+00:00","dateModified":"2026-04-26T22:01:00+00:00","description":"Descubra como as plataformas elevat\u00f3rias compactas est\u00e3o transformando os projetos urbanos em Recife e por que a Nigro Equipamentos \u00e9 a escolha ideal para loca\u00e7\u00e3o e venda.","breadcrumb":{"@id":"https:\/\/nigroequipamentos.com.br\/conteudo\/elevacao-de-ideias-a-revolucao-das-plataformas-elevatorias-compactas-em-recife\/#breadcrumb"},"inLanguage":"pt-BR","potentialAction":[{"@type":"ReadAction","target":["https:\/\/nigroequipamentos.com.br\/conteudo\/elevacao-de-ideias-a-revolucao-das-plataformas-elevatorias-compactas-em-recife\/"]}]},{"@type":"ImageObject","inLanguage":"pt-BR","@id":"https:\/\/nigroequipamentos.com.br\/conteudo\/elevacao-de-ideias-a-revolucao-das-plataformas-elevatorias-compactas-em-recife\/#primaryimage","url":"https:\/\/nigroequipamentos.com.br\/conteudo\/wp-content\/uploads\/2024\/10\/nigro-equipamentos.webp","contentUrl":"https:\/\/nigroequipamentos.com.br\/conteudo\/wp-content\/uploads\/2024\/10\/nigro-equipamentos.webp","width":1200,"height":678},{"@type":"BreadcrumbList","@id":"https:\/\/nigroequipamentos.com.br\/conteudo\/elevacao-de-ideias-a-revolucao-das-plataformas-elevatorias-compactas-em-recife\/#breadcrumb","itemListElement":[{"@type":"ListItem","position":1,"name":"In\u00edcio","item":"https:\/\/nigroequipamentos.com.br\/conteudo\/"},{"@type":"ListItem","position":2,"name":"Eleva\u00e7\u00e3o de Ideias: A Revolu\u00e7\u00e3o das Plataformas Elevat\u00f3rias Compactas em Recife"}]},{"@type":"WebSite","@id":"https:\/\/nigroequipamentos.com.br\/conteudo\/#website","url":"https:\/\/nigroequipamentos.com.br\/conteudo\/","name":"Nigro Equipamentos","description":"Loca\u00e7\u00e3o e Vendas","publisher":{"@id":"https:\/\/nigroequipamentos.com.br\/conteudo\/#organization"},"potentialAction":[{"@type":"SearchAction","target":{"@type":"EntryPoint","urlTemplate":"https:\/\/nigroequipamentos.com.br\/conteudo\/?s={search_term_string}"},"query-input":{"@type":"PropertyValueSpecification","valueRequired":true,"valueName":"search_term_string"}}],"inLanguage":"pt-BR"},{"@type":"Organization","@id":"https:\/\/nigroequipamentos.com.br\/conteudo\/#organization","name":"Nigro Equipamentos","url":"https:\/\/nigroequipamentos.com.br\/conteudo\/","logo":{"@type":"ImageObject","inLanguage":"pt-BR","@id":"https:\/\/nigroequipamentos.com.br\/conteudo\/#\/schema\/logo\/image\/","url":"https:\/\/nigroequipamentos.com.br\/conteudo\/wp-content\/uploads\/2024\/10\/nigroequipamentos_logo.webp","contentUrl":"https:\/\/nigroequipamentos.com.br\/conteudo\/wp-content\/uploads\/2024\/10\/nigroequipamentos_logo.webp","width":785,"height":355,"caption":"Nigro Equipamentos"},"image":{"@id":"https:\/\/nigroequipamentos.com.br\/conteudo\/#\/schema\/logo\/image\/"},"sameAs":["https:\/\/www.facebook.com\/nigroequipamentos","https:\/\/www.instagram.com\/nigroequipamentos\/"]},{"@type":"Person","@id":"https:\/\/nigroequipamentos.com.br\/conteudo\/#\/schema\/person\/fcea30745d02308eb99e98a355ab1ca7","name":"admin","image":{"@type":"ImageObject","inLanguage":"pt-BR","@id":"https:\/\/nigroequipamentos.com.br\/conteudo\/#\/schema\/person\/image\/","url":"https:\/\/secure.gravatar.com\/avatar\/8e1e805e3c53d28d73ab302708d1c1b7?s=96&d=mm&r=g","contentUrl":"https:\/\/secure.gravatar.com\/avatar\/8e1e805e3c53d28d73ab302708d1c1b7?s=96&d=mm&r=g","caption":"admin"},"sameAs":["https:\/\/nigroequipamentos.com.br\/conteudo"],"url":"https:\/\/nigroequipamentos.com.br\/conteudo\/author\/admin\/"}]}},"_links":{"self":[{"href":"https:\/\/nigroequipamentos.com.br\/conteudo\/wp-json\/wp\/v2\/posts\/105807","targetHints":{"allow":["GET"]}}],"collection":[{"href":"https:\/\/nigroequipamentos.com.br\/conteudo\/wp-json\/wp\/v2\/posts"}],"about":[{"href":"https:\/\/nigroequipamentos.com.br\/conteudo\/wp-json\/wp\/v2\/types\/post"}],"author":[{"embeddable":true,"href":"https:\/\/nigroequipamentos.com.br\/conteudo\/wp-json\/wp\/v2\/users\/1"}],"replies":[{"embeddable":true,"href":"https:\/\/nigroequipamentos.com.br\/conteudo\/wp-json\/wp\/v2\/comments?post=105807"}],"version-history":[{"count":0,"href":"https:\/\/nigroequipamentos.com.br\/conteudo\/wp-json\/wp\/v2\/posts\/105807\/revisions"}],"wp:featuredmedia":[{"embeddable":true,"href":"https:\/\/nigroequipamentos.com.br\/conteudo\/wp-json\/wp\/v2\/media\/17"}],"wp:attachment":[{"href":"https:\/\/nigroequipamentos.com.br\/conteudo\/wp-json\/wp\/v2\/media?parent=105807"}],"wp:term":[{"taxonomy":"category","embeddable":true,"href":"https:\/\/nigroequipamentos.com.br\/conteudo\/wp-json\/wp\/v2\/categories?post=105807"},{"taxonomy":"post_tag","embeddable":true,"href":"https:\/\/nigroequipamentos.com.br\/conteudo\/wp-json\/wp\/v2\/tags?post=105807"}],"curies":[{"name":"wp","href":"https:\/\/api.w.org\/{rel}","templated":true}]}}