{"id":105753,"date":"2026-04-26T13:01:03","date_gmt":"2026-04-26T16:01:03","guid":{"rendered":"https:\/\/nigroequipamentos.com.br\/conteudo\/empilhadeira-eletrica-a-revolucao-na-logistica-de-recife-3\/"},"modified":"2026-04-26T13:01:03","modified_gmt":"2026-04-26T16:01:03","slug":"empilhadeira-eletrica-a-revolucao-na-logistica-de-recife-3","status":"publish","type":"post","link":"https:\/\/nigroequipamentos.com.br\/conteudo\/empilhadeira-eletrica-a-revolucao-na-logistica-de-recife-3\/","title":{"rendered":"<strong>Empilhadeira El\u00e9trica: A Revolu\u00e7\u00e3o na Log\u00edstica de Recife<\/strong>"},"content":{"rendered":"<p>Nos \u00faltimos anos, o setor de log\u00edstica em Recife tem buscado inova\u00e7\u00f5es que otimizem o transporte e armazenamento de produtos. Nesse contexto, a empilhadeira el\u00e9trica desponta como uma solu\u00e7\u00e3o eficiente e sustent\u00e1vel. Esta m\u00e1quina se destaca pela sua opera\u00e7\u00e3o silenciosa, baixa emiss\u00e3o de poluentes e facilidade de manobra, caracter\u00edsticas indispens\u00e1veis em ambientes urbanos e armaz\u00e9ns congestionados.<\/p>\n<p>A empilhadeira el\u00e9trica \u00e9 especialmente ben\u00e9fica para empresas que buscam um diferencial competitivo na gest\u00e3o de seus estoques. Em Recife, um munic\u00edpio que abriga um dos maiores portos do Brasil, a utiliza\u00e7\u00e3o dessas empilhadeiras tem crescido exponencialmente, contribuindo para um fluxo log\u00edstico mais \u00e1gil e eficaz.<\/p>\n<p>Al\u00e9m da efici\u00eancia, a economia de custos operacionais tem sido um dos fatores que atraem empresas \u00e0 ado\u00e7\u00e3o das empilhadeiras el\u00e9tricas. Embora seu investimento inicial possa ser mais elevado que o de empilhadeiras a combust\u00e3o, a redu\u00e7\u00e3o de custos com combust\u00edvel e manuten\u00e7\u00e3o ao longo do tempo justifica essa escolha. Empresas em Recife t\u00eam relatado uma diminui\u00e7\u00e3o significativa nos gastos operacionais ap\u00f3s a transi\u00e7\u00e3o para essa tecnologia.<\/p>\n<p>Outro ponto a ser destacado \u00e9 a facilidade de uso das empilhadeiras el\u00e9tricas. Com controles mais intuitivos e suave opera\u00e7\u00e3o, elas s\u00e3o mais f\u00e1ceis de operar, tornando-se uma escolha ideal para empresas que pretendem treinar operadores com rapidez. Exemplos de ind\u00fastrias locais que j\u00e1 implementaram este tipo de equipamento incluem centros de distribui\u00e7\u00e3o e armaz\u00e9ns que armazenam produtos aliment\u00edcios e eletr\u00f4nicos.<\/p>\n<p>A seguran\u00e7a tamb\u00e9m \u00e9 um aspecto importante ao considerar o uso de empilhadeiras el\u00e9tricas. Com menos vibra\u00e7\u00f5es e n\u00edveis reduzidos de ru\u00eddo, esses modelos contribuem para um ambiente de trabalho mais seguro e confort\u00e1vel, reduzindo a fadiga dos operadores. Em Recife, onde a seguran\u00e7a no trabalho \u00e9 uma prioridade, essa caracter\u00edstica se torna um atrativo significativo para empresas conscientes.<\/p>\n<p>Ademais, a quest\u00e3o ambiental n\u00e3o pode ser ignorada. Com a crescente preocupa\u00e7\u00e3o acerca das mudan\u00e7as clim\u00e1ticas e sustentabilidade, as empilhadeiras el\u00e9tricas emergem como uma op\u00e7\u00e3o verde. Elas n\u00e3o apenas diminuem a emiss\u00e3o de gases poluentes, mas tamb\u00e9m consomem menos energia, disponibilizando uma alternativa mais ecol\u00f3gica para o transporte de carga.<\/p>\n<p>Para empresas de log\u00edstica em Recife, a escolha de uma empilhadeira el\u00e9trica tamb\u00e9m se alinha \u00e0s expectativas de consumidores que buscam marcas que investem em pr\u00e1ticas sustent\u00e1veis. Assim, a utiliza\u00e7\u00e3o desse tipo de equipamento pode ajudar a melhorar a imagem da empresa, tornando-a mais atrativa aos olhos do consumidor contempor\u00e2neo.<\/p>\n<p>Al\u00e9m de todos esses benef\u00edcios, a Nigro Equipamentos se destaca no mercado oferecendo uma gama completa de empilhadeiras el\u00e9tricas para venda e loca\u00e7\u00e3o. Com um portf\u00f3lio variado e um atendimento personalizado, somos a escolha ideal para empresas que buscam aumentar a efici\u00eancia de suas opera\u00e7\u00f5es log\u00edsticas. Nossa equipe est\u00e1 capacitada para orientar sobre as melhores op\u00e7\u00f5es de equipamentos, adequando-as \u00e0s necessidades espec\u00edficas de cada cliente.<\/p>\n<p><strong>A Nigro Equipamentos: Sua Parceira Completa em Log\u00edstica na Regi\u00e3o Nordeste<\/strong><\/p>\n<p>Na Nigro Equipamentos, acreditamos que proporcionar solu\u00e7\u00f5es integradas vai al\u00e9m da venda e loca\u00e7\u00e3o de equipamentos. Oferecemos servi\u00e7os de manuten\u00e7\u00e3o e suporte t\u00e9cnico, garantindo que suas empilhadeiras el\u00e9tricas estejam sempre operando em condi\u00e7\u00f5es ideais. Seja para empresas em Recife ou na regi\u00e3o Nordeste, estamos preparados para atender suas demandas de maneira hol\u00edstica e eficaz, para que sua log\u00edstica se torne um diferencial competitivo no mercado.<\/p>\n<p>Em resumo, a empilhadeira el\u00e9trica n\u00e3o \u00e9 apenas uma tend\u00eancia, mas uma necessidade para a evolu\u00e7\u00e3o do setor log\u00edstico em Recife. Entre em contato com a Nigro Equipamentos e descubra como podemos transformar a efici\u00eancia da sua opera\u00e7\u00e3o.<\/p>\n","protected":false},"excerpt":{"rendered":"<p>Nos \u00faltimos anos, o setor de log\u00edstica em Recife tem buscado inova\u00e7\u00f5es que otimizem o transporte e armazenamento de produtos. Nesse contexto, a empilhadeira el\u00e9trica desponta como uma solu\u00e7\u00e3o eficiente e sustent\u00e1vel. Esta m\u00e1quina se destaca pela sua opera\u00e7\u00e3o silenciosa, baixa emiss\u00e3o de poluentes e facilidade de manobra, caracter\u00edsticas indispens\u00e1veis em ambientes urbanos e armaz\u00e9ns&hellip;&nbsp;<a href=\"https:\/\/nigroequipamentos.com.br\/conteudo\/empilhadeira-eletrica-a-revolucao-na-logistica-de-recife-3\/\" class=\"\" rel=\"bookmark\">Continue a ler &raquo;<span class=\"screen-reader-text\"><strong>Empilhadeira El\u00e9trica: A Revolu\u00e7\u00e3o na Log\u00edstica de Recife<\/strong><\/span><\/a><\/p>\n","protected":false},"author":1,"featured_media":17,"comment_status":"","ping_status":"open","sticky":false,"template":"","format":"standard","meta":{"_acf_changed":false,"_yoast_wpseo_focuskw":"Empilhadeira el\u00e9trica para log\u00edstica em Recife","_yoast_wpseo_title":"Empilhadeira El\u00e9trica para Log\u00edstica em Recife: Efici\u00eancia e Sustentabilidade com a Nigro Equipamentos","_yoast_wpseo_metadesc":"Descubra como a empilhadeira el\u00e9trica pode transformar a log\u00edstica em Recife. Conhe\u00e7a a Nigro Equipamentos, especialista em venda e loca\u00e7\u00e3o de equipamentos.","neve_meta_sidebar":"","neve_meta_container":"","neve_meta_enable_content_width":"","neve_meta_content_width":0,"neve_meta_title_alignment":"","neve_meta_author_avatar":"","neve_post_elements_order":"","neve_meta_disable_header":"","neve_meta_disable_footer":"","neve_meta_disable_title":"","footnotes":""},"categories":[5],"tags":[],"class_list":["post-105753","post","type-post","status-publish","format-standard","has-post-thumbnail","hentry","category-recife"],"acf":[],"yoast_head":"<!-- This site is optimized with the Yoast SEO Premium plugin v18.3 (Yoast SEO v23.4) - https:\/\/yoast.com\/wordpress\/plugins\/seo\/ -->\n<title>Empilhadeira El\u00e9trica para Log\u00edstica em Recife: Efici\u00eancia e Sustentabilidade com a Nigro Equipamentos<\/title>\n<meta name=\"description\" content=\"Descubra como a empilhadeira el\u00e9trica pode transformar a log\u00edstica em Recife. Conhe\u00e7a a Nigro Equipamentos, especialista em venda e loca\u00e7\u00e3o de equipamentos.\" \/>\n<meta name=\"robots\" content=\"index, follow, max-snippet:-1, max-image-preview:large, max-video-preview:-1\" \/>\n<link rel=\"canonical\" href=\"https:\/\/nigroequipamentos.com.br\/conteudo\/empilhadeira-eletrica-a-revolucao-na-logistica-de-recife-3\/\" \/>\n<meta property=\"og:locale\" content=\"pt_BR\" \/>\n<meta property=\"og:type\" content=\"article\" \/>\n<meta property=\"og:title\" content=\"Empilhadeira El\u00e9trica: A Revolu\u00e7\u00e3o na Log\u00edstica de Recife\" \/>\n<meta property=\"og:description\" content=\"Descubra como a empilhadeira el\u00e9trica pode transformar a log\u00edstica em Recife. Conhe\u00e7a a Nigro Equipamentos, especialista em venda e loca\u00e7\u00e3o de equipamentos.\" \/>\n<meta property=\"og:url\" content=\"https:\/\/nigroequipamentos.com.br\/conteudo\/empilhadeira-eletrica-a-revolucao-na-logistica-de-recife-3\/\" \/>\n<meta property=\"og:site_name\" content=\"Nigro Equipamentos\" \/>\n<meta property=\"article:publisher\" content=\"https:\/\/www.facebook.com\/nigroequipamentos\" \/>\n<meta property=\"article:published_time\" content=\"2026-04-26T16:01:03+00:00\" \/>\n<meta property=\"og:image\" content=\"https:\/\/nigroequipamentos.com.br\/conteudo\/wp-content\/uploads\/2024\/10\/nigro-equipamentos.webp\" \/>\n\t<meta property=\"og:image:width\" content=\"1200\" \/>\n\t<meta property=\"og:image:height\" content=\"678\" \/>\n\t<meta property=\"og:image:type\" content=\"image\/webp\" \/>\n<meta name=\"author\" content=\"admin\" \/>\n<meta name=\"twitter:card\" content=\"summary_large_image\" \/>\n<meta name=\"twitter:label1\" content=\"Escrito por\" \/>\n\t<meta name=\"twitter:data1\" content=\"admin\" \/>\n\t<meta name=\"twitter:label2\" content=\"Est. tempo de leitura\" \/>\n\t<meta name=\"twitter:data2\" content=\"3 minutos\" \/>\n<script type=\"application\/ld+json\" class=\"yoast-schema-graph\">{\"@context\":\"https:\/\/schema.org\",\"@graph\":[{\"@type\":\"Article\",\"@id\":\"https:\/\/nigroequipamentos.com.br\/conteudo\/empilhadeira-eletrica-a-revolucao-na-logistica-de-recife-3\/#article\",\"isPartOf\":{\"@id\":\"https:\/\/nigroequipamentos.com.br\/conteudo\/empilhadeira-eletrica-a-revolucao-na-logistica-de-recife-3\/\"},\"author\":{\"name\":\"admin\",\"@id\":\"https:\/\/nigroequipamentos.com.br\/conteudo\/#\/schema\/person\/fcea30745d02308eb99e98a355ab1ca7\"},\"headline\":\"Empilhadeira El\u00e9trica: A Revolu\u00e7\u00e3o na Log\u00edstica de Recife\",\"datePublished\":\"2026-04-26T16:01:03+00:00\",\"dateModified\":\"2026-04-26T16:01:03+00:00\",\"mainEntityOfPage\":{\"@id\":\"https:\/\/nigroequipamentos.com.br\/conteudo\/empilhadeira-eletrica-a-revolucao-na-logistica-de-recife-3\/\"},\"wordCount\":668,\"publisher\":{\"@id\":\"https:\/\/nigroequipamentos.com.br\/conteudo\/#organization\"},\"image\":{\"@id\":\"https:\/\/nigroequipamentos.com.br\/conteudo\/empilhadeira-eletrica-a-revolucao-na-logistica-de-recife-3\/#primaryimage\"},\"thumbnailUrl\":\"https:\/\/nigroequipamentos.com.br\/conteudo\/wp-content\/uploads\/2024\/10\/nigro-equipamentos.webp\",\"articleSection\":[\"Recife\"],\"inLanguage\":\"pt-BR\"},{\"@type\":\"WebPage\",\"@id\":\"https:\/\/nigroequipamentos.com.br\/conteudo\/empilhadeira-eletrica-a-revolucao-na-logistica-de-recife-3\/\",\"url\":\"https:\/\/nigroequipamentos.com.br\/conteudo\/empilhadeira-eletrica-a-revolucao-na-logistica-de-recife-3\/\",\"name\":\"Empilhadeira El\u00e9trica para Log\u00edstica em Recife: Efici\u00eancia e Sustentabilidade com a Nigro Equipamentos\",\"isPartOf\":{\"@id\":\"https:\/\/nigroequipamentos.com.br\/conteudo\/#website\"},\"primaryImageOfPage\":{\"@id\":\"https:\/\/nigroequipamentos.com.br\/conteudo\/empilhadeira-eletrica-a-revolucao-na-logistica-de-recife-3\/#primaryimage\"},\"image\":{\"@id\":\"https:\/\/nigroequipamentos.com.br\/conteudo\/empilhadeira-eletrica-a-revolucao-na-logistica-de-recife-3\/#primaryimage\"},\"thumbnailUrl\":\"https:\/\/nigroequipamentos.com.br\/conteudo\/wp-content\/uploads\/2024\/10\/nigro-equipamentos.webp\",\"datePublished\":\"2026-04-26T16:01:03+00:00\",\"dateModified\":\"2026-04-26T16:01:03+00:00\",\"description\":\"Descubra como a empilhadeira el\u00e9trica pode transformar a log\u00edstica em Recife. Conhe\u00e7a a Nigro Equipamentos, especialista em venda e loca\u00e7\u00e3o de equipamentos.\",\"breadcrumb\":{\"@id\":\"https:\/\/nigroequipamentos.com.br\/conteudo\/empilhadeira-eletrica-a-revolucao-na-logistica-de-recife-3\/#breadcrumb\"},\"inLanguage\":\"pt-BR\",\"potentialAction\":[{\"@type\":\"ReadAction\",\"target\":[\"https:\/\/nigroequipamentos.com.br\/conteudo\/empilhadeira-eletrica-a-revolucao-na-logistica-de-recife-3\/\"]}]},{\"@type\":\"ImageObject\",\"inLanguage\":\"pt-BR\",\"@id\":\"https:\/\/nigroequipamentos.com.br\/conteudo\/empilhadeira-eletrica-a-revolucao-na-logistica-de-recife-3\/#primaryimage\",\"url\":\"https:\/\/nigroequipamentos.com.br\/conteudo\/wp-content\/uploads\/2024\/10\/nigro-equipamentos.webp\",\"contentUrl\":\"https:\/\/nigroequipamentos.com.br\/conteudo\/wp-content\/uploads\/2024\/10\/nigro-equipamentos.webp\",\"width\":1200,\"height\":678},{\"@type\":\"BreadcrumbList\",\"@id\":\"https:\/\/nigroequipamentos.com.br\/conteudo\/empilhadeira-eletrica-a-revolucao-na-logistica-de-recife-3\/#breadcrumb\",\"itemListElement\":[{\"@type\":\"ListItem\",\"position\":1,\"name\":\"In\u00edcio\",\"item\":\"https:\/\/nigroequipamentos.com.br\/conteudo\/\"},{\"@type\":\"ListItem\",\"position\":2,\"name\":\"Empilhadeira El\u00e9trica: A Revolu\u00e7\u00e3o na Log\u00edstica de Recife\"}]},{\"@type\":\"WebSite\",\"@id\":\"https:\/\/nigroequipamentos.com.br\/conteudo\/#website\",\"url\":\"https:\/\/nigroequipamentos.com.br\/conteudo\/\",\"name\":\"Nigro Equipamentos\",\"description\":\"Loca\u00e7\u00e3o e Vendas\",\"publisher\":{\"@id\":\"https:\/\/nigroequipamentos.com.br\/conteudo\/#organization\"},\"potentialAction\":[{\"@type\":\"SearchAction\",\"target\":{\"@type\":\"EntryPoint\",\"urlTemplate\":\"https:\/\/nigroequipamentos.com.br\/conteudo\/?s={search_term_string}\"},\"query-input\":{\"@type\":\"PropertyValueSpecification\",\"valueRequired\":true,\"valueName\":\"search_term_string\"}}],\"inLanguage\":\"pt-BR\"},{\"@type\":\"Organization\",\"@id\":\"https:\/\/nigroequipamentos.com.br\/conteudo\/#organization\",\"name\":\"Nigro Equipamentos\",\"url\":\"https:\/\/nigroequipamentos.com.br\/conteudo\/\",\"logo\":{\"@type\":\"ImageObject\",\"inLanguage\":\"pt-BR\",\"@id\":\"https:\/\/nigroequipamentos.com.br\/conteudo\/#\/schema\/logo\/image\/\",\"url\":\"https:\/\/nigroequipamentos.com.br\/conteudo\/wp-content\/uploads\/2024\/10\/nigroequipamentos_logo.webp\",\"contentUrl\":\"https:\/\/nigroequipamentos.com.br\/conteudo\/wp-content\/uploads\/2024\/10\/nigroequipamentos_logo.webp\",\"width\":785,\"height\":355,\"caption\":\"Nigro Equipamentos\"},\"image\":{\"@id\":\"https:\/\/nigroequipamentos.com.br\/conteudo\/#\/schema\/logo\/image\/\"},\"sameAs\":[\"https:\/\/www.facebook.com\/nigroequipamentos\",\"https:\/\/www.instagram.com\/nigroequipamentos\/\"]},{\"@type\":\"Person\",\"@id\":\"https:\/\/nigroequipamentos.com.br\/conteudo\/#\/schema\/person\/fcea30745d02308eb99e98a355ab1ca7\",\"name\":\"admin\",\"image\":{\"@type\":\"ImageObject\",\"inLanguage\":\"pt-BR\",\"@id\":\"https:\/\/nigroequipamentos.com.br\/conteudo\/#\/schema\/person\/image\/\",\"url\":\"https:\/\/secure.gravatar.com\/avatar\/8e1e805e3c53d28d73ab302708d1c1b7?s=96&d=mm&r=g\",\"contentUrl\":\"https:\/\/secure.gravatar.com\/avatar\/8e1e805e3c53d28d73ab302708d1c1b7?s=96&d=mm&r=g\",\"caption\":\"admin\"},\"sameAs\":[\"https:\/\/nigroequipamentos.com.br\/conteudo\"],\"url\":\"https:\/\/nigroequipamentos.com.br\/conteudo\/author\/admin\/\"}]}<\/script>\n<!-- \/ Yoast SEO Premium plugin. -->","yoast_head_json":{"title":"Empilhadeira El\u00e9trica para Log\u00edstica em Recife: Efici\u00eancia e Sustentabilidade com a Nigro Equipamentos","description":"Descubra como a empilhadeira el\u00e9trica pode transformar a log\u00edstica em Recife. Conhe\u00e7a a Nigro Equipamentos, especialista em venda e loca\u00e7\u00e3o de equipamentos.","robots":{"index":"index","follow":"follow","max-snippet":"max-snippet:-1","max-image-preview":"max-image-preview:large","max-video-preview":"max-video-preview:-1"},"canonical":"https:\/\/nigroequipamentos.com.br\/conteudo\/empilhadeira-eletrica-a-revolucao-na-logistica-de-recife-3\/","og_locale":"pt_BR","og_type":"article","og_title":"Empilhadeira El\u00e9trica: A Revolu\u00e7\u00e3o na Log\u00edstica de Recife","og_description":"Descubra como a empilhadeira el\u00e9trica pode transformar a log\u00edstica em Recife. Conhe\u00e7a a Nigro Equipamentos, especialista em venda e loca\u00e7\u00e3o de equipamentos.","og_url":"https:\/\/nigroequipamentos.com.br\/conteudo\/empilhadeira-eletrica-a-revolucao-na-logistica-de-recife-3\/","og_site_name":"Nigro Equipamentos","article_publisher":"https:\/\/www.facebook.com\/nigroequipamentos","article_published_time":"2026-04-26T16:01:03+00:00","og_image":[{"width":1200,"height":678,"url":"https:\/\/nigroequipamentos.com.br\/conteudo\/wp-content\/uploads\/2024\/10\/nigro-equipamentos.webp","type":"image\/webp"}],"author":"admin","twitter_card":"summary_large_image","twitter_misc":{"Escrito por":"admin","Est. tempo de leitura":"3 minutos"},"schema":{"@context":"https:\/\/schema.org","@graph":[{"@type":"Article","@id":"https:\/\/nigroequipamentos.com.br\/conteudo\/empilhadeira-eletrica-a-revolucao-na-logistica-de-recife-3\/#article","isPartOf":{"@id":"https:\/\/nigroequipamentos.com.br\/conteudo\/empilhadeira-eletrica-a-revolucao-na-logistica-de-recife-3\/"},"author":{"name":"admin","@id":"https:\/\/nigroequipamentos.com.br\/conteudo\/#\/schema\/person\/fcea30745d02308eb99e98a355ab1ca7"},"headline":"Empilhadeira El\u00e9trica: A Revolu\u00e7\u00e3o na Log\u00edstica de Recife","datePublished":"2026-04-26T16:01:03+00:00","dateModified":"2026-04-26T16:01:03+00:00","mainEntityOfPage":{"@id":"https:\/\/nigroequipamentos.com.br\/conteudo\/empilhadeira-eletrica-a-revolucao-na-logistica-de-recife-3\/"},"wordCount":668,"publisher":{"@id":"https:\/\/nigroequipamentos.com.br\/conteudo\/#organization"},"image":{"@id":"https:\/\/nigroequipamentos.com.br\/conteudo\/empilhadeira-eletrica-a-revolucao-na-logistica-de-recife-3\/#primaryimage"},"thumbnailUrl":"https:\/\/nigroequipamentos.com.br\/conteudo\/wp-content\/uploads\/2024\/10\/nigro-equipamentos.webp","articleSection":["Recife"],"inLanguage":"pt-BR"},{"@type":"WebPage","@id":"https:\/\/nigroequipamentos.com.br\/conteudo\/empilhadeira-eletrica-a-revolucao-na-logistica-de-recife-3\/","url":"https:\/\/nigroequipamentos.com.br\/conteudo\/empilhadeira-eletrica-a-revolucao-na-logistica-de-recife-3\/","name":"Empilhadeira El\u00e9trica para Log\u00edstica em Recife: Efici\u00eancia e Sustentabilidade com a Nigro Equipamentos","isPartOf":{"@id":"https:\/\/nigroequipamentos.com.br\/conteudo\/#website"},"primaryImageOfPage":{"@id":"https:\/\/nigroequipamentos.com.br\/conteudo\/empilhadeira-eletrica-a-revolucao-na-logistica-de-recife-3\/#primaryimage"},"image":{"@id":"https:\/\/nigroequipamentos.com.br\/conteudo\/empilhadeira-eletrica-a-revolucao-na-logistica-de-recife-3\/#primaryimage"},"thumbnailUrl":"https:\/\/nigroequipamentos.com.br\/conteudo\/wp-content\/uploads\/2024\/10\/nigro-equipamentos.webp","datePublished":"2026-04-26T16:01:03+00:00","dateModified":"2026-04-26T16:01:03+00:00","description":"Descubra como a empilhadeira el\u00e9trica pode transformar a log\u00edstica em Recife. Conhe\u00e7a a Nigro Equipamentos, especialista em venda e loca\u00e7\u00e3o de equipamentos.","breadcrumb":{"@id":"https:\/\/nigroequipamentos.com.br\/conteudo\/empilhadeira-eletrica-a-revolucao-na-logistica-de-recife-3\/#breadcrumb"},"inLanguage":"pt-BR","potentialAction":[{"@type":"ReadAction","target":["https:\/\/nigroequipamentos.com.br\/conteudo\/empilhadeira-eletrica-a-revolucao-na-logistica-de-recife-3\/"]}]},{"@type":"ImageObject","inLanguage":"pt-BR","@id":"https:\/\/nigroequipamentos.com.br\/conteudo\/empilhadeira-eletrica-a-revolucao-na-logistica-de-recife-3\/#primaryimage","url":"https:\/\/nigroequipamentos.com.br\/conteudo\/wp-content\/uploads\/2024\/10\/nigro-equipamentos.webp","contentUrl":"https:\/\/nigroequipamentos.com.br\/conteudo\/wp-content\/uploads\/2024\/10\/nigro-equipamentos.webp","width":1200,"height":678},{"@type":"BreadcrumbList","@id":"https:\/\/nigroequipamentos.com.br\/conteudo\/empilhadeira-eletrica-a-revolucao-na-logistica-de-recife-3\/#breadcrumb","itemListElement":[{"@type":"ListItem","position":1,"name":"In\u00edcio","item":"https:\/\/nigroequipamentos.com.br\/conteudo\/"},{"@type":"ListItem","position":2,"name":"Empilhadeira El\u00e9trica: A Revolu\u00e7\u00e3o na Log\u00edstica de Recife"}]},{"@type":"WebSite","@id":"https:\/\/nigroequipamentos.com.br\/conteudo\/#website","url":"https:\/\/nigroequipamentos.com.br\/conteudo\/","name":"Nigro Equipamentos","description":"Loca\u00e7\u00e3o e Vendas","publisher":{"@id":"https:\/\/nigroequipamentos.com.br\/conteudo\/#organization"},"potentialAction":[{"@type":"SearchAction","target":{"@type":"EntryPoint","urlTemplate":"https:\/\/nigroequipamentos.com.br\/conteudo\/?s={search_term_string}"},"query-input":{"@type":"PropertyValueSpecification","valueRequired":true,"valueName":"search_term_string"}}],"inLanguage":"pt-BR"},{"@type":"Organization","@id":"https:\/\/nigroequipamentos.com.br\/conteudo\/#organization","name":"Nigro Equipamentos","url":"https:\/\/nigroequipamentos.com.br\/conteudo\/","logo":{"@type":"ImageObject","inLanguage":"pt-BR","@id":"https:\/\/nigroequipamentos.com.br\/conteudo\/#\/schema\/logo\/image\/","url":"https:\/\/nigroequipamentos.com.br\/conteudo\/wp-content\/uploads\/2024\/10\/nigroequipamentos_logo.webp","contentUrl":"https:\/\/nigroequipamentos.com.br\/conteudo\/wp-content\/uploads\/2024\/10\/nigroequipamentos_logo.webp","width":785,"height":355,"caption":"Nigro Equipamentos"},"image":{"@id":"https:\/\/nigroequipamentos.com.br\/conteudo\/#\/schema\/logo\/image\/"},"sameAs":["https:\/\/www.facebook.com\/nigroequipamentos","https:\/\/www.instagram.com\/nigroequipamentos\/"]},{"@type":"Person","@id":"https:\/\/nigroequipamentos.com.br\/conteudo\/#\/schema\/person\/fcea30745d02308eb99e98a355ab1ca7","name":"admin","image":{"@type":"ImageObject","inLanguage":"pt-BR","@id":"https:\/\/nigroequipamentos.com.br\/conteudo\/#\/schema\/person\/image\/","url":"https:\/\/secure.gravatar.com\/avatar\/8e1e805e3c53d28d73ab302708d1c1b7?s=96&d=mm&r=g","contentUrl":"https:\/\/secure.gravatar.com\/avatar\/8e1e805e3c53d28d73ab302708d1c1b7?s=96&d=mm&r=g","caption":"admin"},"sameAs":["https:\/\/nigroequipamentos.com.br\/conteudo"],"url":"https:\/\/nigroequipamentos.com.br\/conteudo\/author\/admin\/"}]}},"_links":{"self":[{"href":"https:\/\/nigroequipamentos.com.br\/conteudo\/wp-json\/wp\/v2\/posts\/105753","targetHints":{"allow":["GET"]}}],"collection":[{"href":"https:\/\/nigroequipamentos.com.br\/conteudo\/wp-json\/wp\/v2\/posts"}],"about":[{"href":"https:\/\/nigroequipamentos.com.br\/conteudo\/wp-json\/wp\/v2\/types\/post"}],"author":[{"embeddable":true,"href":"https:\/\/nigroequipamentos.com.br\/conteudo\/wp-json\/wp\/v2\/users\/1"}],"replies":[{"embeddable":true,"href":"https:\/\/nigroequipamentos.com.br\/conteudo\/wp-json\/wp\/v2\/comments?post=105753"}],"version-history":[{"count":0,"href":"https:\/\/nigroequipamentos.com.br\/conteudo\/wp-json\/wp\/v2\/posts\/105753\/revisions"}],"wp:featuredmedia":[{"embeddable":true,"href":"https:\/\/nigroequipamentos.com.br\/conteudo\/wp-json\/wp\/v2\/media\/17"}],"wp:attachment":[{"href":"https:\/\/nigroequipamentos.com.br\/conteudo\/wp-json\/wp\/v2\/media?parent=105753"}],"wp:term":[{"taxonomy":"category","embeddable":true,"href":"https:\/\/nigroequipamentos.com.br\/conteudo\/wp-json\/wp\/v2\/categories?post=105753"},{"taxonomy":"post_tag","embeddable":true,"href":"https:\/\/nigroequipamentos.com.br\/conteudo\/wp-json\/wp\/v2\/tags?post=105753"}],"curies":[{"name":"wp","href":"https:\/\/api.w.org\/{rel}","templated":true}]}}