{"id":105625,"date":"2026-04-25T22:45:08","date_gmt":"2026-04-26T01:45:08","guid":{"rendered":"https:\/\/nigroequipamentos.com.br\/conteudo\/impulsionando-o-desenvolvimento-empilhadeiras-em-feira-de-santana\/"},"modified":"2026-04-25T22:45:08","modified_gmt":"2026-04-26T01:45:08","slug":"impulsionando-o-desenvolvimento-empilhadeiras-em-feira-de-santana","status":"publish","type":"post","link":"https:\/\/nigroequipamentos.com.br\/conteudo\/impulsionando-o-desenvolvimento-empilhadeiras-em-feira-de-santana\/","title":{"rendered":"Impulsionando o Desenvolvimento: Empilhadeiras em Feira de Santana"},"content":{"rendered":"<p><strong>Introdu\u00e7\u00e3o ao Mundo das Empilhadeiras<\/strong><\/p>\n<p>A cidade de Feira de Santana, um dos principais centros econ\u00f4micos da Bahia, tem assistido a um crescimento significativo em diversos setores, especialmente na log\u00edstica e na ind\u00fastria. Neste contexto, as empilhadeiras se tornaram ferramentas cruciais para otimizar opera\u00e7\u00f5es, aumentar a produtividade e garantir a seguran\u00e7a no transporte de mercadorias. Neste artigo, exploraremos a import\u00e2ncia das empilhadeiras e como a Nigro Equipamentos se destaca nesse cen\u00e1rio.<\/p>\n<p><strong>O que s\u00e3o Empilhadeiras?<\/strong><\/p>\n<p>Empilhadeiras s\u00e3o equipamentos industriais projetados para levantar e mover cargas pesadas em armaz\u00e9ns e \u00e1reas de carga. Elas v\u00eam em v\u00e1rias formas, tamanhos e capacidades, adaptando-se \u00e0s necessidades espec\u00edficas de cada neg\u00f3cio. Com a movimenta\u00e7\u00e3o eficiente de produtos, descontos em danos e perdas, e agilidade nas opera\u00e7\u00f5es, as empilhadeiras se tornaram indispens\u00e1veis para empresas que buscam crescimento e efici\u00eancia.<\/p>\n<p><strong>Benef\u00edcios das Empilhadeiras no Mercado Local<\/strong><\/p>\n<p>Em Feira de Santana, o uso de empilhadeiras pode ser observado em v\u00e1rias ind\u00fastrias, desde o com\u00e9rcio at\u00e9 a manufatura e log\u00edstica. Esses equipamentos proporcionam benef\u00edcios significativos, como: <br \/>&#8211; **Aumento da Efici\u00eancia:** Com a capacidade de levantar e movimentar cargas pesadas rapidamente, as empilhadeiras possibilitam uma opera\u00e7\u00e3o mais \u00e1gil. <br \/>&#8211; **Seguran\u00e7a:** O uso de empilhadeiras adequadamente treinadas reduz o risco de acidentes de trabalho. <br \/>&#8211; **Redu\u00e7\u00e3o de Custos:** A efici\u00eancia no manuseio de produtos diminui o tempo de opera\u00e7\u00e3o, economizando recursos da empresa.<\/p>\n<p><strong>Tipos de Empilhadeiras Dispon\u00edveis em Feira de Santana<\/strong><\/p>\n<p>Na Nigro Equipamentos, voc\u00ea encontrar\u00e1 uma variedade de empilhadeiras, incluindo:<br \/>&#8211; **El\u00e9tricas:** Ideais para ambientes internos, s\u00e3o mais silenciosas e t\u00eam zero emiss\u00f5es. <br \/>&#8211; **A Combust\u00e3o:** Mais potentes, s\u00e3o preferidas para uso externo. <br \/>&#8211; **Empilhadeiras Todo Terreno:** Projetadas para trabalhar em terrenos dif\u00edceis, s\u00e3o perfeitas para canteiros de obras e ambientes rurais. <br \/>Com a consultoria da equipe da Nigro, voc\u00ea poder\u00e1 escolher a empilhadeira que atende melhor suas necessidades.<\/p>\n<p><strong>Servi\u00e7os de Loca\u00e7\u00e3o e Venda<\/strong><\/p>\n<p>A Nigro Equipamentos se destaca no mercado de Feira de Santana n\u00e3o apenas pela venda de equipamentos, mas tamb\u00e9m pela loca\u00e7\u00e3o de empilhadeiras. Essa funcionalidade \u00e9 perfeita para empresas que precisam de equipamentos de alta qualidade, mas que tamb\u00e9m preferem n\u00e3o fazer um investimento imediato. <\/p>\n<p><strong>O Que Considerar ao Escolher uma Empilhadeira<\/strong><\/p>\n<p>Ao optar por uma empilhadeira, \u00e9 fundamental prestar aten\u00e7\u00e3o em quest\u00f5es como:<br \/>&#8211; **Capacidade de Carga:** Determine o peso m\u00e1ximo que a empilhadeira precisa levantar. <br \/>&#8211; **Tipo de Terreno:** Avalie se a empilhadeira ser\u00e1 utilizada em ambientes internos ou externos e as condi\u00e7\u00f5es do solo. <br \/>&#8211; **Manuten\u00e7\u00e3o:** Considere a facilidade de manuten\u00e7\u00e3o e disponibilidade de pe\u00e7as sobressalentes. <br \/>Com as orienta\u00e7\u00f5es da Nigro Equipamentos, voc\u00ea far\u00e1 a escolha certa com tranquilidade.<\/p>\n<p><strong>O Compromisso da Nigro Equipamentos com a Qualidade<\/strong><\/p>\n<p>Na Nigro Equipamentos, nosso compromisso \u00e9 fornecer solu\u00e7\u00f5es completas e hol\u00edsticas no que diz respeito \u00e0 venda e loca\u00e7\u00e3o de equipamentos. Estamos sempre prontos para oferecer consultoria especializada, suporte t\u00e9cnico e treinamento para garantir que nossos clientes obtenham o m\u00e1ximo de efici\u00eancia e seguran\u00e7a ao operar suas empilhadeiras.<\/p>\n<p><strong>Conclus\u00e3o<\/strong><\/p>\n<p>Se voc\u00ea est\u00e1 em Feira de Santana e necessita de uma solu\u00e7\u00e3o para movimenta\u00e7\u00e3o de cargas, seja atrav\u00e9s da compra ou loca\u00e7\u00e3o de empilhadeiras, a Nigro Equipamentos \u00e9 a escolha ideal. Com uma ampla gama de produtos e servi\u00e7os, garantimos que sua empresa estar\u00e1 equipada para enfrentar os desafios do mercado atual. Entre em contato conosco e descubra como podemos ajudar voc\u00ea a alcan\u00e7ar efici\u00eancia e produtividade m\u00e1ximas em suas opera\u00e7\u00f5es.<\/p>\n","protected":false},"excerpt":{"rendered":"<p>Introdu\u00e7\u00e3o ao Mundo das Empilhadeiras A cidade de Feira de Santana, um dos principais centros econ\u00f4micos da Bahia, tem assistido a um crescimento significativo em diversos setores, especialmente na log\u00edstica e na ind\u00fastria. Neste contexto, as empilhadeiras se tornaram ferramentas cruciais para otimizar opera\u00e7\u00f5es, aumentar a produtividade e garantir a seguran\u00e7a no transporte de mercadorias.&hellip;&nbsp;<a href=\"https:\/\/nigroequipamentos.com.br\/conteudo\/impulsionando-o-desenvolvimento-empilhadeiras-em-feira-de-santana\/\" class=\"\" rel=\"bookmark\">Continue a ler &raquo;<span class=\"screen-reader-text\">Impulsionando o Desenvolvimento: Empilhadeiras em Feira de Santana<\/span><\/a><\/p>\n","protected":false},"author":1,"featured_media":17,"comment_status":"","ping_status":"open","sticky":false,"template":"","format":"standard","meta":{"_acf_changed":false,"_yoast_wpseo_focuskw":"Empilhadeiras em Feira de Santana","_yoast_wpseo_title":"Empilhadeiras em Feira de Santana: A Escolha Ideal para sua Empresa","_yoast_wpseo_metadesc":"Descubra a import\u00e2ncia das empilhadeiras em Feira de Santana e como a Nigro Equipamentos se destaca na venda e loca\u00e7\u00e3o desses equipamentos essenciais para a efici\u00eancia log\u00edstica.","neve_meta_sidebar":"","neve_meta_container":"","neve_meta_enable_content_width":"","neve_meta_content_width":0,"neve_meta_title_alignment":"","neve_meta_author_avatar":"","neve_post_elements_order":"","neve_meta_disable_header":"","neve_meta_disable_footer":"","neve_meta_disable_title":"","footnotes":""},"categories":[13],"tags":[],"class_list":["post-105625","post","type-post","status-publish","format-standard","has-post-thumbnail","hentry","category-brasil"],"acf":[],"yoast_head":"<!-- This site is optimized with the Yoast SEO Premium plugin v18.3 (Yoast SEO v23.4) - https:\/\/yoast.com\/wordpress\/plugins\/seo\/ -->\n<title>Empilhadeiras em Feira de Santana: A Escolha Ideal para sua Empresa<\/title>\n<meta name=\"description\" content=\"Descubra a import\u00e2ncia das empilhadeiras em Feira de Santana e como a Nigro Equipamentos se destaca na venda e loca\u00e7\u00e3o desses equipamentos essenciais para a efici\u00eancia log\u00edstica.\" \/>\n<meta name=\"robots\" content=\"index, follow, max-snippet:-1, max-image-preview:large, max-video-preview:-1\" \/>\n<link rel=\"canonical\" href=\"https:\/\/nigroequipamentos.com.br\/conteudo\/impulsionando-o-desenvolvimento-empilhadeiras-em-feira-de-santana\/\" \/>\n<meta property=\"og:locale\" content=\"pt_BR\" \/>\n<meta property=\"og:type\" content=\"article\" \/>\n<meta property=\"og:title\" content=\"Impulsionando o Desenvolvimento: Empilhadeiras em Feira de Santana\" \/>\n<meta property=\"og:description\" content=\"Descubra a import\u00e2ncia das empilhadeiras em Feira de Santana e como a Nigro Equipamentos se destaca na venda e loca\u00e7\u00e3o desses equipamentos essenciais para a efici\u00eancia log\u00edstica.\" \/>\n<meta property=\"og:url\" content=\"https:\/\/nigroequipamentos.com.br\/conteudo\/impulsionando-o-desenvolvimento-empilhadeiras-em-feira-de-santana\/\" \/>\n<meta property=\"og:site_name\" content=\"Nigro Equipamentos\" \/>\n<meta property=\"article:publisher\" content=\"https:\/\/www.facebook.com\/nigroequipamentos\" \/>\n<meta property=\"article:published_time\" content=\"2026-04-26T01:45:08+00:00\" \/>\n<meta property=\"og:image\" content=\"https:\/\/nigroequipamentos.com.br\/conteudo\/wp-content\/uploads\/2024\/10\/nigro-equipamentos.webp\" \/>\n\t<meta property=\"og:image:width\" content=\"1200\" \/>\n\t<meta property=\"og:image:height\" content=\"678\" \/>\n\t<meta property=\"og:image:type\" content=\"image\/webp\" \/>\n<meta name=\"author\" content=\"admin\" \/>\n<meta name=\"twitter:card\" content=\"summary_large_image\" \/>\n<meta name=\"twitter:label1\" content=\"Escrito por\" \/>\n\t<meta name=\"twitter:data1\" content=\"admin\" \/>\n\t<meta name=\"twitter:label2\" content=\"Est. tempo de leitura\" \/>\n\t<meta name=\"twitter:data2\" content=\"3 minutos\" \/>\n<script type=\"application\/ld+json\" class=\"yoast-schema-graph\">{\"@context\":\"https:\/\/schema.org\",\"@graph\":[{\"@type\":\"Article\",\"@id\":\"https:\/\/nigroequipamentos.com.br\/conteudo\/impulsionando-o-desenvolvimento-empilhadeiras-em-feira-de-santana\/#article\",\"isPartOf\":{\"@id\":\"https:\/\/nigroequipamentos.com.br\/conteudo\/impulsionando-o-desenvolvimento-empilhadeiras-em-feira-de-santana\/\"},\"author\":{\"name\":\"admin\",\"@id\":\"https:\/\/nigroequipamentos.com.br\/conteudo\/#\/schema\/person\/fcea30745d02308eb99e98a355ab1ca7\"},\"headline\":\"Impulsionando o Desenvolvimento: Empilhadeiras em Feira de Santana\",\"datePublished\":\"2026-04-26T01:45:08+00:00\",\"dateModified\":\"2026-04-26T01:45:08+00:00\",\"mainEntityOfPage\":{\"@id\":\"https:\/\/nigroequipamentos.com.br\/conteudo\/impulsionando-o-desenvolvimento-empilhadeiras-em-feira-de-santana\/\"},\"wordCount\":630,\"publisher\":{\"@id\":\"https:\/\/nigroequipamentos.com.br\/conteudo\/#organization\"},\"image\":{\"@id\":\"https:\/\/nigroequipamentos.com.br\/conteudo\/impulsionando-o-desenvolvimento-empilhadeiras-em-feira-de-santana\/#primaryimage\"},\"thumbnailUrl\":\"https:\/\/nigroequipamentos.com.br\/conteudo\/wp-content\/uploads\/2024\/10\/nigro-equipamentos.webp\",\"articleSection\":[\"Brasil\"],\"inLanguage\":\"pt-BR\"},{\"@type\":\"WebPage\",\"@id\":\"https:\/\/nigroequipamentos.com.br\/conteudo\/impulsionando-o-desenvolvimento-empilhadeiras-em-feira-de-santana\/\",\"url\":\"https:\/\/nigroequipamentos.com.br\/conteudo\/impulsionando-o-desenvolvimento-empilhadeiras-em-feira-de-santana\/\",\"name\":\"Empilhadeiras em Feira de Santana: A Escolha Ideal para sua Empresa\",\"isPartOf\":{\"@id\":\"https:\/\/nigroequipamentos.com.br\/conteudo\/#website\"},\"primaryImageOfPage\":{\"@id\":\"https:\/\/nigroequipamentos.com.br\/conteudo\/impulsionando-o-desenvolvimento-empilhadeiras-em-feira-de-santana\/#primaryimage\"},\"image\":{\"@id\":\"https:\/\/nigroequipamentos.com.br\/conteudo\/impulsionando-o-desenvolvimento-empilhadeiras-em-feira-de-santana\/#primaryimage\"},\"thumbnailUrl\":\"https:\/\/nigroequipamentos.com.br\/conteudo\/wp-content\/uploads\/2024\/10\/nigro-equipamentos.webp\",\"datePublished\":\"2026-04-26T01:45:08+00:00\",\"dateModified\":\"2026-04-26T01:45:08+00:00\",\"description\":\"Descubra a import\u00e2ncia das empilhadeiras em Feira de Santana e como a Nigro Equipamentos se destaca na venda e loca\u00e7\u00e3o desses equipamentos essenciais para a efici\u00eancia log\u00edstica.\",\"breadcrumb\":{\"@id\":\"https:\/\/nigroequipamentos.com.br\/conteudo\/impulsionando-o-desenvolvimento-empilhadeiras-em-feira-de-santana\/#breadcrumb\"},\"inLanguage\":\"pt-BR\",\"potentialAction\":[{\"@type\":\"ReadAction\",\"target\":[\"https:\/\/nigroequipamentos.com.br\/conteudo\/impulsionando-o-desenvolvimento-empilhadeiras-em-feira-de-santana\/\"]}]},{\"@type\":\"ImageObject\",\"inLanguage\":\"pt-BR\",\"@id\":\"https:\/\/nigroequipamentos.com.br\/conteudo\/impulsionando-o-desenvolvimento-empilhadeiras-em-feira-de-santana\/#primaryimage\",\"url\":\"https:\/\/nigroequipamentos.com.br\/conteudo\/wp-content\/uploads\/2024\/10\/nigro-equipamentos.webp\",\"contentUrl\":\"https:\/\/nigroequipamentos.com.br\/conteudo\/wp-content\/uploads\/2024\/10\/nigro-equipamentos.webp\",\"width\":1200,\"height\":678},{\"@type\":\"BreadcrumbList\",\"@id\":\"https:\/\/nigroequipamentos.com.br\/conteudo\/impulsionando-o-desenvolvimento-empilhadeiras-em-feira-de-santana\/#breadcrumb\",\"itemListElement\":[{\"@type\":\"ListItem\",\"position\":1,\"name\":\"In\u00edcio\",\"item\":\"https:\/\/nigroequipamentos.com.br\/conteudo\/\"},{\"@type\":\"ListItem\",\"position\":2,\"name\":\"Impulsionando o Desenvolvimento: Empilhadeiras em Feira de Santana\"}]},{\"@type\":\"WebSite\",\"@id\":\"https:\/\/nigroequipamentos.com.br\/conteudo\/#website\",\"url\":\"https:\/\/nigroequipamentos.com.br\/conteudo\/\",\"name\":\"Nigro Equipamentos\",\"description\":\"Loca\u00e7\u00e3o e Vendas\",\"publisher\":{\"@id\":\"https:\/\/nigroequipamentos.com.br\/conteudo\/#organization\"},\"potentialAction\":[{\"@type\":\"SearchAction\",\"target\":{\"@type\":\"EntryPoint\",\"urlTemplate\":\"https:\/\/nigroequipamentos.com.br\/conteudo\/?s={search_term_string}\"},\"query-input\":{\"@type\":\"PropertyValueSpecification\",\"valueRequired\":true,\"valueName\":\"search_term_string\"}}],\"inLanguage\":\"pt-BR\"},{\"@type\":\"Organization\",\"@id\":\"https:\/\/nigroequipamentos.com.br\/conteudo\/#organization\",\"name\":\"Nigro Equipamentos\",\"url\":\"https:\/\/nigroequipamentos.com.br\/conteudo\/\",\"logo\":{\"@type\":\"ImageObject\",\"inLanguage\":\"pt-BR\",\"@id\":\"https:\/\/nigroequipamentos.com.br\/conteudo\/#\/schema\/logo\/image\/\",\"url\":\"https:\/\/nigroequipamentos.com.br\/conteudo\/wp-content\/uploads\/2024\/10\/nigroequipamentos_logo.webp\",\"contentUrl\":\"https:\/\/nigroequipamentos.com.br\/conteudo\/wp-content\/uploads\/2024\/10\/nigroequipamentos_logo.webp\",\"width\":785,\"height\":355,\"caption\":\"Nigro Equipamentos\"},\"image\":{\"@id\":\"https:\/\/nigroequipamentos.com.br\/conteudo\/#\/schema\/logo\/image\/\"},\"sameAs\":[\"https:\/\/www.facebook.com\/nigroequipamentos\",\"https:\/\/www.instagram.com\/nigroequipamentos\/\"]},{\"@type\":\"Person\",\"@id\":\"https:\/\/nigroequipamentos.com.br\/conteudo\/#\/schema\/person\/fcea30745d02308eb99e98a355ab1ca7\",\"name\":\"admin\",\"image\":{\"@type\":\"ImageObject\",\"inLanguage\":\"pt-BR\",\"@id\":\"https:\/\/nigroequipamentos.com.br\/conteudo\/#\/schema\/person\/image\/\",\"url\":\"https:\/\/secure.gravatar.com\/avatar\/8e1e805e3c53d28d73ab302708d1c1b7?s=96&d=mm&r=g\",\"contentUrl\":\"https:\/\/secure.gravatar.com\/avatar\/8e1e805e3c53d28d73ab302708d1c1b7?s=96&d=mm&r=g\",\"caption\":\"admin\"},\"sameAs\":[\"https:\/\/nigroequipamentos.com.br\/conteudo\"],\"url\":\"https:\/\/nigroequipamentos.com.br\/conteudo\/author\/admin\/\"}]}<\/script>\n<!-- \/ Yoast SEO Premium plugin. -->","yoast_head_json":{"title":"Empilhadeiras em Feira de Santana: A Escolha Ideal para sua Empresa","description":"Descubra a import\u00e2ncia das empilhadeiras em Feira de Santana e como a Nigro Equipamentos se destaca na venda e loca\u00e7\u00e3o desses equipamentos essenciais para a efici\u00eancia log\u00edstica.","robots":{"index":"index","follow":"follow","max-snippet":"max-snippet:-1","max-image-preview":"max-image-preview:large","max-video-preview":"max-video-preview:-1"},"canonical":"https:\/\/nigroequipamentos.com.br\/conteudo\/impulsionando-o-desenvolvimento-empilhadeiras-em-feira-de-santana\/","og_locale":"pt_BR","og_type":"article","og_title":"Impulsionando o Desenvolvimento: Empilhadeiras em Feira de Santana","og_description":"Descubra a import\u00e2ncia das empilhadeiras em Feira de Santana e como a Nigro Equipamentos se destaca na venda e loca\u00e7\u00e3o desses equipamentos essenciais para a efici\u00eancia log\u00edstica.","og_url":"https:\/\/nigroequipamentos.com.br\/conteudo\/impulsionando-o-desenvolvimento-empilhadeiras-em-feira-de-santana\/","og_site_name":"Nigro Equipamentos","article_publisher":"https:\/\/www.facebook.com\/nigroequipamentos","article_published_time":"2026-04-26T01:45:08+00:00","og_image":[{"width":1200,"height":678,"url":"https:\/\/nigroequipamentos.com.br\/conteudo\/wp-content\/uploads\/2024\/10\/nigro-equipamentos.webp","type":"image\/webp"}],"author":"admin","twitter_card":"summary_large_image","twitter_misc":{"Escrito por":"admin","Est. tempo de leitura":"3 minutos"},"schema":{"@context":"https:\/\/schema.org","@graph":[{"@type":"Article","@id":"https:\/\/nigroequipamentos.com.br\/conteudo\/impulsionando-o-desenvolvimento-empilhadeiras-em-feira-de-santana\/#article","isPartOf":{"@id":"https:\/\/nigroequipamentos.com.br\/conteudo\/impulsionando-o-desenvolvimento-empilhadeiras-em-feira-de-santana\/"},"author":{"name":"admin","@id":"https:\/\/nigroequipamentos.com.br\/conteudo\/#\/schema\/person\/fcea30745d02308eb99e98a355ab1ca7"},"headline":"Impulsionando o Desenvolvimento: Empilhadeiras em Feira de Santana","datePublished":"2026-04-26T01:45:08+00:00","dateModified":"2026-04-26T01:45:08+00:00","mainEntityOfPage":{"@id":"https:\/\/nigroequipamentos.com.br\/conteudo\/impulsionando-o-desenvolvimento-empilhadeiras-em-feira-de-santana\/"},"wordCount":630,"publisher":{"@id":"https:\/\/nigroequipamentos.com.br\/conteudo\/#organization"},"image":{"@id":"https:\/\/nigroequipamentos.com.br\/conteudo\/impulsionando-o-desenvolvimento-empilhadeiras-em-feira-de-santana\/#primaryimage"},"thumbnailUrl":"https:\/\/nigroequipamentos.com.br\/conteudo\/wp-content\/uploads\/2024\/10\/nigro-equipamentos.webp","articleSection":["Brasil"],"inLanguage":"pt-BR"},{"@type":"WebPage","@id":"https:\/\/nigroequipamentos.com.br\/conteudo\/impulsionando-o-desenvolvimento-empilhadeiras-em-feira-de-santana\/","url":"https:\/\/nigroequipamentos.com.br\/conteudo\/impulsionando-o-desenvolvimento-empilhadeiras-em-feira-de-santana\/","name":"Empilhadeiras em Feira de Santana: A Escolha Ideal para sua Empresa","isPartOf":{"@id":"https:\/\/nigroequipamentos.com.br\/conteudo\/#website"},"primaryImageOfPage":{"@id":"https:\/\/nigroequipamentos.com.br\/conteudo\/impulsionando-o-desenvolvimento-empilhadeiras-em-feira-de-santana\/#primaryimage"},"image":{"@id":"https:\/\/nigroequipamentos.com.br\/conteudo\/impulsionando-o-desenvolvimento-empilhadeiras-em-feira-de-santana\/#primaryimage"},"thumbnailUrl":"https:\/\/nigroequipamentos.com.br\/conteudo\/wp-content\/uploads\/2024\/10\/nigro-equipamentos.webp","datePublished":"2026-04-26T01:45:08+00:00","dateModified":"2026-04-26T01:45:08+00:00","description":"Descubra a import\u00e2ncia das empilhadeiras em Feira de Santana e como a Nigro Equipamentos se destaca na venda e loca\u00e7\u00e3o desses equipamentos essenciais para a efici\u00eancia log\u00edstica.","breadcrumb":{"@id":"https:\/\/nigroequipamentos.com.br\/conteudo\/impulsionando-o-desenvolvimento-empilhadeiras-em-feira-de-santana\/#breadcrumb"},"inLanguage":"pt-BR","potentialAction":[{"@type":"ReadAction","target":["https:\/\/nigroequipamentos.com.br\/conteudo\/impulsionando-o-desenvolvimento-empilhadeiras-em-feira-de-santana\/"]}]},{"@type":"ImageObject","inLanguage":"pt-BR","@id":"https:\/\/nigroequipamentos.com.br\/conteudo\/impulsionando-o-desenvolvimento-empilhadeiras-em-feira-de-santana\/#primaryimage","url":"https:\/\/nigroequipamentos.com.br\/conteudo\/wp-content\/uploads\/2024\/10\/nigro-equipamentos.webp","contentUrl":"https:\/\/nigroequipamentos.com.br\/conteudo\/wp-content\/uploads\/2024\/10\/nigro-equipamentos.webp","width":1200,"height":678},{"@type":"BreadcrumbList","@id":"https:\/\/nigroequipamentos.com.br\/conteudo\/impulsionando-o-desenvolvimento-empilhadeiras-em-feira-de-santana\/#breadcrumb","itemListElement":[{"@type":"ListItem","position":1,"name":"In\u00edcio","item":"https:\/\/nigroequipamentos.com.br\/conteudo\/"},{"@type":"ListItem","position":2,"name":"Impulsionando o Desenvolvimento: Empilhadeiras em Feira de Santana"}]},{"@type":"WebSite","@id":"https:\/\/nigroequipamentos.com.br\/conteudo\/#website","url":"https:\/\/nigroequipamentos.com.br\/conteudo\/","name":"Nigro Equipamentos","description":"Loca\u00e7\u00e3o e Vendas","publisher":{"@id":"https:\/\/nigroequipamentos.com.br\/conteudo\/#organization"},"potentialAction":[{"@type":"SearchAction","target":{"@type":"EntryPoint","urlTemplate":"https:\/\/nigroequipamentos.com.br\/conteudo\/?s={search_term_string}"},"query-input":{"@type":"PropertyValueSpecification","valueRequired":true,"valueName":"search_term_string"}}],"inLanguage":"pt-BR"},{"@type":"Organization","@id":"https:\/\/nigroequipamentos.com.br\/conteudo\/#organization","name":"Nigro Equipamentos","url":"https:\/\/nigroequipamentos.com.br\/conteudo\/","logo":{"@type":"ImageObject","inLanguage":"pt-BR","@id":"https:\/\/nigroequipamentos.com.br\/conteudo\/#\/schema\/logo\/image\/","url":"https:\/\/nigroequipamentos.com.br\/conteudo\/wp-content\/uploads\/2024\/10\/nigroequipamentos_logo.webp","contentUrl":"https:\/\/nigroequipamentos.com.br\/conteudo\/wp-content\/uploads\/2024\/10\/nigroequipamentos_logo.webp","width":785,"height":355,"caption":"Nigro Equipamentos"},"image":{"@id":"https:\/\/nigroequipamentos.com.br\/conteudo\/#\/schema\/logo\/image\/"},"sameAs":["https:\/\/www.facebook.com\/nigroequipamentos","https:\/\/www.instagram.com\/nigroequipamentos\/"]},{"@type":"Person","@id":"https:\/\/nigroequipamentos.com.br\/conteudo\/#\/schema\/person\/fcea30745d02308eb99e98a355ab1ca7","name":"admin","image":{"@type":"ImageObject","inLanguage":"pt-BR","@id":"https:\/\/nigroequipamentos.com.br\/conteudo\/#\/schema\/person\/image\/","url":"https:\/\/secure.gravatar.com\/avatar\/8e1e805e3c53d28d73ab302708d1c1b7?s=96&d=mm&r=g","contentUrl":"https:\/\/secure.gravatar.com\/avatar\/8e1e805e3c53d28d73ab302708d1c1b7?s=96&d=mm&r=g","caption":"admin"},"sameAs":["https:\/\/nigroequipamentos.com.br\/conteudo"],"url":"https:\/\/nigroequipamentos.com.br\/conteudo\/author\/admin\/"}]}},"_links":{"self":[{"href":"https:\/\/nigroequipamentos.com.br\/conteudo\/wp-json\/wp\/v2\/posts\/105625","targetHints":{"allow":["GET"]}}],"collection":[{"href":"https:\/\/nigroequipamentos.com.br\/conteudo\/wp-json\/wp\/v2\/posts"}],"about":[{"href":"https:\/\/nigroequipamentos.com.br\/conteudo\/wp-json\/wp\/v2\/types\/post"}],"author":[{"embeddable":true,"href":"https:\/\/nigroequipamentos.com.br\/conteudo\/wp-json\/wp\/v2\/users\/1"}],"replies":[{"embeddable":true,"href":"https:\/\/nigroequipamentos.com.br\/conteudo\/wp-json\/wp\/v2\/comments?post=105625"}],"version-history":[{"count":0,"href":"https:\/\/nigroequipamentos.com.br\/conteudo\/wp-json\/wp\/v2\/posts\/105625\/revisions"}],"wp:featuredmedia":[{"embeddable":true,"href":"https:\/\/nigroequipamentos.com.br\/conteudo\/wp-json\/wp\/v2\/media\/17"}],"wp:attachment":[{"href":"https:\/\/nigroequipamentos.com.br\/conteudo\/wp-json\/wp\/v2\/media?parent=105625"}],"wp:term":[{"taxonomy":"category","embeddable":true,"href":"https:\/\/nigroequipamentos.com.br\/conteudo\/wp-json\/wp\/v2\/categories?post=105625"},{"taxonomy":"post_tag","embeddable":true,"href":"https:\/\/nigroequipamentos.com.br\/conteudo\/wp-json\/wp\/v2\/tags?post=105625"}],"curies":[{"name":"wp","href":"https:\/\/api.w.org\/{rel}","templated":true}]}}