{"id":105505,"date":"2026-04-25T09:01:04","date_gmt":"2026-04-25T12:01:04","guid":{"rendered":"https:\/\/nigroequipamentos.com.br\/conteudo\/carregador-para-empilhadeira-eletrica-em-recife-o-que-voce-precisa-saber\/"},"modified":"2026-04-25T09:01:04","modified_gmt":"2026-04-25T12:01:04","slug":"carregador-para-empilhadeira-eletrica-em-recife-o-que-voce-precisa-saber","status":"publish","type":"post","link":"https:\/\/nigroequipamentos.com.br\/conteudo\/carregador-para-empilhadeira-eletrica-em-recife-o-que-voce-precisa-saber\/","title":{"rendered":"Carregador para Empilhadeira El\u00e9trica em Recife: O que Voc\u00ea Precisa Saber"},"content":{"rendered":"<p><strong>Introdu\u00e7\u00e3o ao Mundo dos Carregadores de Empilhadeiras El\u00e9tricas<\/strong><br \/>\nNo cen\u00e1rio log\u00edstico e industrial de Recife, as empilhadeiras el\u00e9tricas t\u00eam ganhado destaque pela sua efici\u00eancia e sustentabilidade. Por\u00e9m, para garantir que estas m\u00e1quinas operem em seu m\u00e1ximo potencial, um carregador de qualidade \u00e9 fundamental. Neste texto, vamos explorar tudo sobre os carregadores para empilhadeiras el\u00e9tricas, sua import\u00e2ncia e como a Nigro Equipamentos pode ajudar voc\u00ea a encontrar a solu\u00e7\u00e3o ideal para suas necessidades.  <\/p>\n<p><strong>A Import\u00e2ncia do Carregador Adequado<\/strong><br \/>\nEnquanto as empilhadeiras el\u00e9tricas oferecem uma opera\u00e7\u00e3o sem emiss\u00e3o de poluentes e com menor n\u00edvel de ru\u00eddo, a escolha do carregador certo \u00e9 essencial para otimizar sua performance. Um carregador inadequado pode resultar em tempos de recarga prolongados, desgaste prematuro das baterias e at\u00e9 falhas operacionais.  <\/p>\n<p><strong>Tipos de Carregadores para Empilhadeiras El\u00e9tricas<\/strong><br \/>\nExistem diversos tipos de carregadores dispon\u00edveis no mercado, cada um projetado para atender necessidades espec\u00edficas. Os carregadores de corrente constante s\u00e3o frequentemente utilizados em ambientes onde as baterias precisam ser carregadas rapidamente. Por outro lado, os carregadores de alta frequ\u00eancia s\u00e3o mais eficientes e oferecem tempos de recarga menores, sendo mais indicados para opera\u00e7\u00f5es cont\u00ednuas.  <\/p>\n<p><strong>Escolhendo o Carregador Certo para sua Empilhadeira<\/strong><br \/>\nNa hora de escolher um carregador para sua empilhadeira el\u00e9trica, \u00e9 fundamental observar a compatibilidade com a bateria de sua m\u00e1quina. Al\u00e9m disso, fatores como o tempo de uso di\u00e1rio e a carga necess\u00e1ria devem ser considerados. A Nigro Equipamentos disponibiliza uma equipe altamente capacitada para orientar na escolha do equipamento ideal para aumentar a efici\u00eancia de suas opera\u00e7\u00f5es.  <\/p>\n<p><strong>Vantagens de Trabalhar com a Nigro Equipamentos<\/strong><br \/>\nA Nigro Equipamentos \u00e9 uma refer\u00eancia no setor, oferecendo n\u00e3o apenas equipamentos de qualidade, mas tamb\u00e9m um atendimento excepcional. Ao escolher a Nigro para adquirir seu carregador de empilhadeira el\u00e9trica, voc\u00ea conta com:<br \/>\n&#8211; **Assessoria T\u00e9cnica Especializada**: Profissionais prontos para auxiliar na escolha do equipamento ideal para sua opera\u00e7\u00e3o.<br \/>\n&#8211; **Variedade de Produtos**: Uma ampla gama de carregadores e empilhadeiras el\u00e9tricas, garantindo que voc\u00ea encontre o que precisa.<br \/>\n&#8211; **Loca\u00e7\u00e3o e Venda**: Flexibilidade para atender sua empresa, seja com loca\u00e7\u00e3o de equipamentos ou aquisi\u00e7\u00e3o de novos.  <\/p>\n<p><strong>Concluindo sua Busca por Carregadores em Recife<\/strong><br \/>\nPortanto, ao pesquisar por carregadores para empilhadeiras el\u00e9tricas em Recife, lembre-se da import\u00e2ncia de escolher um fornecedor que conhe\u00e7a as necessidades do seu neg\u00f3cio. A Nigro Equipamentos se destaca como uma empresa completa e hol\u00edstica na venda e loca\u00e7\u00e3o de equipamentos. Com um portf\u00f3lio diversificado e uma equipe dedicada ao seu sucesso, voc\u00ea pode ter certeza de que est\u00e1 fazendo a melhor escolha para sua opera\u00e7\u00e3o.  <\/p>\n<p><strong>Entre em contato com a Nigro Equipamentos hoje mesmo e descubra como podemos ajudar seu neg\u00f3cio a prosperar!<\/strong><\/p>\n","protected":false},"excerpt":{"rendered":"<p>Introdu\u00e7\u00e3o ao Mundo dos Carregadores de Empilhadeiras El\u00e9tricas No cen\u00e1rio log\u00edstico e industrial de Recife, as empilhadeiras el\u00e9tricas t\u00eam ganhado destaque pela sua efici\u00eancia e sustentabilidade. Por\u00e9m, para garantir que estas m\u00e1quinas operem em seu m\u00e1ximo potencial, um carregador de qualidade \u00e9 fundamental. Neste texto, vamos explorar tudo sobre os carregadores para empilhadeiras el\u00e9tricas, sua&hellip;&nbsp;<a href=\"https:\/\/nigroequipamentos.com.br\/conteudo\/carregador-para-empilhadeira-eletrica-em-recife-o-que-voce-precisa-saber\/\" class=\"\" rel=\"bookmark\">Continue a ler &raquo;<span class=\"screen-reader-text\">Carregador para Empilhadeira El\u00e9trica em Recife: O que Voc\u00ea Precisa Saber<\/span><\/a><\/p>\n","protected":false},"author":1,"featured_media":17,"comment_status":"","ping_status":"open","sticky":false,"template":"","format":"standard","meta":{"_acf_changed":false,"_yoast_wpseo_focuskw":"Carregador para empilhadeira el\u00e9trica em Recife","_yoast_wpseo_title":"Carregador para Empilhadeira El\u00e9trica em Recife: Solu\u00e7\u00f5es com a Nigro Equipamentos","_yoast_wpseo_metadesc":"Descubra tudo sobre carregadores para empilhadeiras el\u00e9tricas em Recife e como a Nigro Equipamentos pode atender suas necessidades, oferecendo solu\u00e7\u00f5es de venda e loca\u00e7\u00e3o.","neve_meta_sidebar":"","neve_meta_container":"","neve_meta_enable_content_width":"","neve_meta_content_width":0,"neve_meta_title_alignment":"","neve_meta_author_avatar":"","neve_post_elements_order":"","neve_meta_disable_header":"","neve_meta_disable_footer":"","neve_meta_disable_title":"","footnotes":""},"categories":[5],"tags":[],"class_list":["post-105505","post","type-post","status-publish","format-standard","has-post-thumbnail","hentry","category-recife"],"acf":[],"yoast_head":"<!-- This site is optimized with the Yoast SEO Premium plugin v18.3 (Yoast SEO v23.4) - https:\/\/yoast.com\/wordpress\/plugins\/seo\/ -->\n<title>Carregador para Empilhadeira El\u00e9trica em Recife: Solu\u00e7\u00f5es com a Nigro Equipamentos<\/title>\n<meta name=\"description\" content=\"Descubra tudo sobre carregadores para empilhadeiras el\u00e9tricas em Recife e como a Nigro Equipamentos pode atender suas necessidades, oferecendo solu\u00e7\u00f5es de venda e loca\u00e7\u00e3o.\" \/>\n<meta name=\"robots\" content=\"index, follow, max-snippet:-1, max-image-preview:large, max-video-preview:-1\" \/>\n<link rel=\"canonical\" href=\"https:\/\/nigroequipamentos.com.br\/conteudo\/carregador-para-empilhadeira-eletrica-em-recife-o-que-voce-precisa-saber\/\" \/>\n<meta property=\"og:locale\" content=\"pt_BR\" \/>\n<meta property=\"og:type\" content=\"article\" \/>\n<meta property=\"og:title\" content=\"Carregador para Empilhadeira El\u00e9trica em Recife: O que Voc\u00ea Precisa Saber\" \/>\n<meta property=\"og:description\" content=\"Descubra tudo sobre carregadores para empilhadeiras el\u00e9tricas em Recife e como a Nigro Equipamentos pode atender suas necessidades, oferecendo solu\u00e7\u00f5es de venda e loca\u00e7\u00e3o.\" \/>\n<meta property=\"og:url\" content=\"https:\/\/nigroequipamentos.com.br\/conteudo\/carregador-para-empilhadeira-eletrica-em-recife-o-que-voce-precisa-saber\/\" \/>\n<meta property=\"og:site_name\" content=\"Nigro Equipamentos\" \/>\n<meta property=\"article:publisher\" content=\"https:\/\/www.facebook.com\/nigroequipamentos\" \/>\n<meta property=\"article:published_time\" content=\"2026-04-25T12:01:04+00:00\" \/>\n<meta property=\"og:image\" content=\"https:\/\/nigroequipamentos.com.br\/conteudo\/wp-content\/uploads\/2024\/10\/nigro-equipamentos.webp\" \/>\n\t<meta property=\"og:image:width\" content=\"1200\" \/>\n\t<meta property=\"og:image:height\" content=\"678\" \/>\n\t<meta property=\"og:image:type\" content=\"image\/webp\" \/>\n<meta name=\"author\" content=\"admin\" \/>\n<meta name=\"twitter:card\" content=\"summary_large_image\" \/>\n<meta name=\"twitter:label1\" content=\"Escrito por\" \/>\n\t<meta name=\"twitter:data1\" content=\"admin\" \/>\n\t<meta name=\"twitter:label2\" content=\"Est. tempo de leitura\" \/>\n\t<meta name=\"twitter:data2\" content=\"2 minutos\" \/>\n<script type=\"application\/ld+json\" class=\"yoast-schema-graph\">{\"@context\":\"https:\/\/schema.org\",\"@graph\":[{\"@type\":\"Article\",\"@id\":\"https:\/\/nigroequipamentos.com.br\/conteudo\/carregador-para-empilhadeira-eletrica-em-recife-o-que-voce-precisa-saber\/#article\",\"isPartOf\":{\"@id\":\"https:\/\/nigroequipamentos.com.br\/conteudo\/carregador-para-empilhadeira-eletrica-em-recife-o-que-voce-precisa-saber\/\"},\"author\":{\"name\":\"admin\",\"@id\":\"https:\/\/nigroequipamentos.com.br\/conteudo\/#\/schema\/person\/fcea30745d02308eb99e98a355ab1ca7\"},\"headline\":\"Carregador para Empilhadeira El\u00e9trica em Recife: O que Voc\u00ea Precisa Saber\",\"datePublished\":\"2026-04-25T12:01:04+00:00\",\"dateModified\":\"2026-04-25T12:01:04+00:00\",\"mainEntityOfPage\":{\"@id\":\"https:\/\/nigroequipamentos.com.br\/conteudo\/carregador-para-empilhadeira-eletrica-em-recife-o-que-voce-precisa-saber\/\"},\"wordCount\":495,\"publisher\":{\"@id\":\"https:\/\/nigroequipamentos.com.br\/conteudo\/#organization\"},\"image\":{\"@id\":\"https:\/\/nigroequipamentos.com.br\/conteudo\/carregador-para-empilhadeira-eletrica-em-recife-o-que-voce-precisa-saber\/#primaryimage\"},\"thumbnailUrl\":\"https:\/\/nigroequipamentos.com.br\/conteudo\/wp-content\/uploads\/2024\/10\/nigro-equipamentos.webp\",\"articleSection\":[\"Recife\"],\"inLanguage\":\"pt-BR\"},{\"@type\":\"WebPage\",\"@id\":\"https:\/\/nigroequipamentos.com.br\/conteudo\/carregador-para-empilhadeira-eletrica-em-recife-o-que-voce-precisa-saber\/\",\"url\":\"https:\/\/nigroequipamentos.com.br\/conteudo\/carregador-para-empilhadeira-eletrica-em-recife-o-que-voce-precisa-saber\/\",\"name\":\"Carregador para Empilhadeira El\u00e9trica em Recife: Solu\u00e7\u00f5es com a Nigro Equipamentos\",\"isPartOf\":{\"@id\":\"https:\/\/nigroequipamentos.com.br\/conteudo\/#website\"},\"primaryImageOfPage\":{\"@id\":\"https:\/\/nigroequipamentos.com.br\/conteudo\/carregador-para-empilhadeira-eletrica-em-recife-o-que-voce-precisa-saber\/#primaryimage\"},\"image\":{\"@id\":\"https:\/\/nigroequipamentos.com.br\/conteudo\/carregador-para-empilhadeira-eletrica-em-recife-o-que-voce-precisa-saber\/#primaryimage\"},\"thumbnailUrl\":\"https:\/\/nigroequipamentos.com.br\/conteudo\/wp-content\/uploads\/2024\/10\/nigro-equipamentos.webp\",\"datePublished\":\"2026-04-25T12:01:04+00:00\",\"dateModified\":\"2026-04-25T12:01:04+00:00\",\"description\":\"Descubra tudo sobre carregadores para empilhadeiras el\u00e9tricas em Recife e como a Nigro Equipamentos pode atender suas necessidades, oferecendo solu\u00e7\u00f5es de venda e loca\u00e7\u00e3o.\",\"breadcrumb\":{\"@id\":\"https:\/\/nigroequipamentos.com.br\/conteudo\/carregador-para-empilhadeira-eletrica-em-recife-o-que-voce-precisa-saber\/#breadcrumb\"},\"inLanguage\":\"pt-BR\",\"potentialAction\":[{\"@type\":\"ReadAction\",\"target\":[\"https:\/\/nigroequipamentos.com.br\/conteudo\/carregador-para-empilhadeira-eletrica-em-recife-o-que-voce-precisa-saber\/\"]}]},{\"@type\":\"ImageObject\",\"inLanguage\":\"pt-BR\",\"@id\":\"https:\/\/nigroequipamentos.com.br\/conteudo\/carregador-para-empilhadeira-eletrica-em-recife-o-que-voce-precisa-saber\/#primaryimage\",\"url\":\"https:\/\/nigroequipamentos.com.br\/conteudo\/wp-content\/uploads\/2024\/10\/nigro-equipamentos.webp\",\"contentUrl\":\"https:\/\/nigroequipamentos.com.br\/conteudo\/wp-content\/uploads\/2024\/10\/nigro-equipamentos.webp\",\"width\":1200,\"height\":678},{\"@type\":\"BreadcrumbList\",\"@id\":\"https:\/\/nigroequipamentos.com.br\/conteudo\/carregador-para-empilhadeira-eletrica-em-recife-o-que-voce-precisa-saber\/#breadcrumb\",\"itemListElement\":[{\"@type\":\"ListItem\",\"position\":1,\"name\":\"In\u00edcio\",\"item\":\"https:\/\/nigroequipamentos.com.br\/conteudo\/\"},{\"@type\":\"ListItem\",\"position\":2,\"name\":\"Carregador para Empilhadeira El\u00e9trica em Recife: O que Voc\u00ea Precisa Saber\"}]},{\"@type\":\"WebSite\",\"@id\":\"https:\/\/nigroequipamentos.com.br\/conteudo\/#website\",\"url\":\"https:\/\/nigroequipamentos.com.br\/conteudo\/\",\"name\":\"Nigro Equipamentos\",\"description\":\"Loca\u00e7\u00e3o e Vendas\",\"publisher\":{\"@id\":\"https:\/\/nigroequipamentos.com.br\/conteudo\/#organization\"},\"potentialAction\":[{\"@type\":\"SearchAction\",\"target\":{\"@type\":\"EntryPoint\",\"urlTemplate\":\"https:\/\/nigroequipamentos.com.br\/conteudo\/?s={search_term_string}\"},\"query-input\":{\"@type\":\"PropertyValueSpecification\",\"valueRequired\":true,\"valueName\":\"search_term_string\"}}],\"inLanguage\":\"pt-BR\"},{\"@type\":\"Organization\",\"@id\":\"https:\/\/nigroequipamentos.com.br\/conteudo\/#organization\",\"name\":\"Nigro Equipamentos\",\"url\":\"https:\/\/nigroequipamentos.com.br\/conteudo\/\",\"logo\":{\"@type\":\"ImageObject\",\"inLanguage\":\"pt-BR\",\"@id\":\"https:\/\/nigroequipamentos.com.br\/conteudo\/#\/schema\/logo\/image\/\",\"url\":\"https:\/\/nigroequipamentos.com.br\/conteudo\/wp-content\/uploads\/2024\/10\/nigroequipamentos_logo.webp\",\"contentUrl\":\"https:\/\/nigroequipamentos.com.br\/conteudo\/wp-content\/uploads\/2024\/10\/nigroequipamentos_logo.webp\",\"width\":785,\"height\":355,\"caption\":\"Nigro Equipamentos\"},\"image\":{\"@id\":\"https:\/\/nigroequipamentos.com.br\/conteudo\/#\/schema\/logo\/image\/\"},\"sameAs\":[\"https:\/\/www.facebook.com\/nigroequipamentos\",\"https:\/\/www.instagram.com\/nigroequipamentos\/\"]},{\"@type\":\"Person\",\"@id\":\"https:\/\/nigroequipamentos.com.br\/conteudo\/#\/schema\/person\/fcea30745d02308eb99e98a355ab1ca7\",\"name\":\"admin\",\"image\":{\"@type\":\"ImageObject\",\"inLanguage\":\"pt-BR\",\"@id\":\"https:\/\/nigroequipamentos.com.br\/conteudo\/#\/schema\/person\/image\/\",\"url\":\"https:\/\/secure.gravatar.com\/avatar\/8e1e805e3c53d28d73ab302708d1c1b7?s=96&d=mm&r=g\",\"contentUrl\":\"https:\/\/secure.gravatar.com\/avatar\/8e1e805e3c53d28d73ab302708d1c1b7?s=96&d=mm&r=g\",\"caption\":\"admin\"},\"sameAs\":[\"https:\/\/nigroequipamentos.com.br\/conteudo\"],\"url\":\"https:\/\/nigroequipamentos.com.br\/conteudo\/author\/admin\/\"}]}<\/script>\n<!-- \/ Yoast SEO Premium plugin. -->","yoast_head_json":{"title":"Carregador para Empilhadeira El\u00e9trica em Recife: Solu\u00e7\u00f5es com a Nigro Equipamentos","description":"Descubra tudo sobre carregadores para empilhadeiras el\u00e9tricas em Recife e como a Nigro Equipamentos pode atender suas necessidades, oferecendo solu\u00e7\u00f5es de venda e loca\u00e7\u00e3o.","robots":{"index":"index","follow":"follow","max-snippet":"max-snippet:-1","max-image-preview":"max-image-preview:large","max-video-preview":"max-video-preview:-1"},"canonical":"https:\/\/nigroequipamentos.com.br\/conteudo\/carregador-para-empilhadeira-eletrica-em-recife-o-que-voce-precisa-saber\/","og_locale":"pt_BR","og_type":"article","og_title":"Carregador para Empilhadeira El\u00e9trica em Recife: O que Voc\u00ea Precisa Saber","og_description":"Descubra tudo sobre carregadores para empilhadeiras el\u00e9tricas em Recife e como a Nigro Equipamentos pode atender suas necessidades, oferecendo solu\u00e7\u00f5es de venda e loca\u00e7\u00e3o.","og_url":"https:\/\/nigroequipamentos.com.br\/conteudo\/carregador-para-empilhadeira-eletrica-em-recife-o-que-voce-precisa-saber\/","og_site_name":"Nigro Equipamentos","article_publisher":"https:\/\/www.facebook.com\/nigroequipamentos","article_published_time":"2026-04-25T12:01:04+00:00","og_image":[{"width":1200,"height":678,"url":"https:\/\/nigroequipamentos.com.br\/conteudo\/wp-content\/uploads\/2024\/10\/nigro-equipamentos.webp","type":"image\/webp"}],"author":"admin","twitter_card":"summary_large_image","twitter_misc":{"Escrito por":"admin","Est. tempo de leitura":"2 minutos"},"schema":{"@context":"https:\/\/schema.org","@graph":[{"@type":"Article","@id":"https:\/\/nigroequipamentos.com.br\/conteudo\/carregador-para-empilhadeira-eletrica-em-recife-o-que-voce-precisa-saber\/#article","isPartOf":{"@id":"https:\/\/nigroequipamentos.com.br\/conteudo\/carregador-para-empilhadeira-eletrica-em-recife-o-que-voce-precisa-saber\/"},"author":{"name":"admin","@id":"https:\/\/nigroequipamentos.com.br\/conteudo\/#\/schema\/person\/fcea30745d02308eb99e98a355ab1ca7"},"headline":"Carregador para Empilhadeira El\u00e9trica em Recife: O que Voc\u00ea Precisa Saber","datePublished":"2026-04-25T12:01:04+00:00","dateModified":"2026-04-25T12:01:04+00:00","mainEntityOfPage":{"@id":"https:\/\/nigroequipamentos.com.br\/conteudo\/carregador-para-empilhadeira-eletrica-em-recife-o-que-voce-precisa-saber\/"},"wordCount":495,"publisher":{"@id":"https:\/\/nigroequipamentos.com.br\/conteudo\/#organization"},"image":{"@id":"https:\/\/nigroequipamentos.com.br\/conteudo\/carregador-para-empilhadeira-eletrica-em-recife-o-que-voce-precisa-saber\/#primaryimage"},"thumbnailUrl":"https:\/\/nigroequipamentos.com.br\/conteudo\/wp-content\/uploads\/2024\/10\/nigro-equipamentos.webp","articleSection":["Recife"],"inLanguage":"pt-BR"},{"@type":"WebPage","@id":"https:\/\/nigroequipamentos.com.br\/conteudo\/carregador-para-empilhadeira-eletrica-em-recife-o-que-voce-precisa-saber\/","url":"https:\/\/nigroequipamentos.com.br\/conteudo\/carregador-para-empilhadeira-eletrica-em-recife-o-que-voce-precisa-saber\/","name":"Carregador para Empilhadeira El\u00e9trica em Recife: Solu\u00e7\u00f5es com a Nigro Equipamentos","isPartOf":{"@id":"https:\/\/nigroequipamentos.com.br\/conteudo\/#website"},"primaryImageOfPage":{"@id":"https:\/\/nigroequipamentos.com.br\/conteudo\/carregador-para-empilhadeira-eletrica-em-recife-o-que-voce-precisa-saber\/#primaryimage"},"image":{"@id":"https:\/\/nigroequipamentos.com.br\/conteudo\/carregador-para-empilhadeira-eletrica-em-recife-o-que-voce-precisa-saber\/#primaryimage"},"thumbnailUrl":"https:\/\/nigroequipamentos.com.br\/conteudo\/wp-content\/uploads\/2024\/10\/nigro-equipamentos.webp","datePublished":"2026-04-25T12:01:04+00:00","dateModified":"2026-04-25T12:01:04+00:00","description":"Descubra tudo sobre carregadores para empilhadeiras el\u00e9tricas em Recife e como a Nigro Equipamentos pode atender suas necessidades, oferecendo solu\u00e7\u00f5es de venda e loca\u00e7\u00e3o.","breadcrumb":{"@id":"https:\/\/nigroequipamentos.com.br\/conteudo\/carregador-para-empilhadeira-eletrica-em-recife-o-que-voce-precisa-saber\/#breadcrumb"},"inLanguage":"pt-BR","potentialAction":[{"@type":"ReadAction","target":["https:\/\/nigroequipamentos.com.br\/conteudo\/carregador-para-empilhadeira-eletrica-em-recife-o-que-voce-precisa-saber\/"]}]},{"@type":"ImageObject","inLanguage":"pt-BR","@id":"https:\/\/nigroequipamentos.com.br\/conteudo\/carregador-para-empilhadeira-eletrica-em-recife-o-que-voce-precisa-saber\/#primaryimage","url":"https:\/\/nigroequipamentos.com.br\/conteudo\/wp-content\/uploads\/2024\/10\/nigro-equipamentos.webp","contentUrl":"https:\/\/nigroequipamentos.com.br\/conteudo\/wp-content\/uploads\/2024\/10\/nigro-equipamentos.webp","width":1200,"height":678},{"@type":"BreadcrumbList","@id":"https:\/\/nigroequipamentos.com.br\/conteudo\/carregador-para-empilhadeira-eletrica-em-recife-o-que-voce-precisa-saber\/#breadcrumb","itemListElement":[{"@type":"ListItem","position":1,"name":"In\u00edcio","item":"https:\/\/nigroequipamentos.com.br\/conteudo\/"},{"@type":"ListItem","position":2,"name":"Carregador para Empilhadeira El\u00e9trica em Recife: O que Voc\u00ea Precisa Saber"}]},{"@type":"WebSite","@id":"https:\/\/nigroequipamentos.com.br\/conteudo\/#website","url":"https:\/\/nigroequipamentos.com.br\/conteudo\/","name":"Nigro Equipamentos","description":"Loca\u00e7\u00e3o e Vendas","publisher":{"@id":"https:\/\/nigroequipamentos.com.br\/conteudo\/#organization"},"potentialAction":[{"@type":"SearchAction","target":{"@type":"EntryPoint","urlTemplate":"https:\/\/nigroequipamentos.com.br\/conteudo\/?s={search_term_string}"},"query-input":{"@type":"PropertyValueSpecification","valueRequired":true,"valueName":"search_term_string"}}],"inLanguage":"pt-BR"},{"@type":"Organization","@id":"https:\/\/nigroequipamentos.com.br\/conteudo\/#organization","name":"Nigro Equipamentos","url":"https:\/\/nigroequipamentos.com.br\/conteudo\/","logo":{"@type":"ImageObject","inLanguage":"pt-BR","@id":"https:\/\/nigroequipamentos.com.br\/conteudo\/#\/schema\/logo\/image\/","url":"https:\/\/nigroequipamentos.com.br\/conteudo\/wp-content\/uploads\/2024\/10\/nigroequipamentos_logo.webp","contentUrl":"https:\/\/nigroequipamentos.com.br\/conteudo\/wp-content\/uploads\/2024\/10\/nigroequipamentos_logo.webp","width":785,"height":355,"caption":"Nigro Equipamentos"},"image":{"@id":"https:\/\/nigroequipamentos.com.br\/conteudo\/#\/schema\/logo\/image\/"},"sameAs":["https:\/\/www.facebook.com\/nigroequipamentos","https:\/\/www.instagram.com\/nigroequipamentos\/"]},{"@type":"Person","@id":"https:\/\/nigroequipamentos.com.br\/conteudo\/#\/schema\/person\/fcea30745d02308eb99e98a355ab1ca7","name":"admin","image":{"@type":"ImageObject","inLanguage":"pt-BR","@id":"https:\/\/nigroequipamentos.com.br\/conteudo\/#\/schema\/person\/image\/","url":"https:\/\/secure.gravatar.com\/avatar\/8e1e805e3c53d28d73ab302708d1c1b7?s=96&d=mm&r=g","contentUrl":"https:\/\/secure.gravatar.com\/avatar\/8e1e805e3c53d28d73ab302708d1c1b7?s=96&d=mm&r=g","caption":"admin"},"sameAs":["https:\/\/nigroequipamentos.com.br\/conteudo"],"url":"https:\/\/nigroequipamentos.com.br\/conteudo\/author\/admin\/"}]}},"_links":{"self":[{"href":"https:\/\/nigroequipamentos.com.br\/conteudo\/wp-json\/wp\/v2\/posts\/105505","targetHints":{"allow":["GET"]}}],"collection":[{"href":"https:\/\/nigroequipamentos.com.br\/conteudo\/wp-json\/wp\/v2\/posts"}],"about":[{"href":"https:\/\/nigroequipamentos.com.br\/conteudo\/wp-json\/wp\/v2\/types\/post"}],"author":[{"embeddable":true,"href":"https:\/\/nigroequipamentos.com.br\/conteudo\/wp-json\/wp\/v2\/users\/1"}],"replies":[{"embeddable":true,"href":"https:\/\/nigroequipamentos.com.br\/conteudo\/wp-json\/wp\/v2\/comments?post=105505"}],"version-history":[{"count":0,"href":"https:\/\/nigroequipamentos.com.br\/conteudo\/wp-json\/wp\/v2\/posts\/105505\/revisions"}],"wp:featuredmedia":[{"embeddable":true,"href":"https:\/\/nigroequipamentos.com.br\/conteudo\/wp-json\/wp\/v2\/media\/17"}],"wp:attachment":[{"href":"https:\/\/nigroequipamentos.com.br\/conteudo\/wp-json\/wp\/v2\/media?parent=105505"}],"wp:term":[{"taxonomy":"category","embeddable":true,"href":"https:\/\/nigroequipamentos.com.br\/conteudo\/wp-json\/wp\/v2\/categories?post=105505"},{"taxonomy":"post_tag","embeddable":true,"href":"https:\/\/nigroequipamentos.com.br\/conteudo\/wp-json\/wp\/v2\/tags?post=105505"}],"curies":[{"name":"wp","href":"https:\/\/api.w.org\/{rel}","templated":true}]}}