{"id":105429,"date":"2026-04-25T00:00:59","date_gmt":"2026-04-25T03:00:59","guid":{"rendered":"https:\/\/nigroequipamentos.com.br\/conteudo\/descubra-a-versatilidade-da-plataforma-elevatoria-compacta-em-recife-36\/"},"modified":"2026-04-25T00:00:59","modified_gmt":"2026-04-25T03:00:59","slug":"descubra-a-versatilidade-da-plataforma-elevatoria-compacta-em-recife-36","status":"publish","type":"post","link":"https:\/\/nigroequipamentos.com.br\/conteudo\/descubra-a-versatilidade-da-plataforma-elevatoria-compacta-em-recife-36\/","title":{"rendered":"Descubra a Versatilidade da Plataforma Elevat\u00f3ria Compacta em Recife"},"content":{"rendered":"<p><strong>O que \u00e9 uma Plataforma Elevat\u00f3ria Compacta?<\/strong> Uma plataforma elevat\u00f3ria compacta \u00e9 um equipamento projetado para oferecer acesso a altos locais com facilidade e seguran\u00e7a. Ideal para obras em \u00e1reas urbanas, onde o espa\u00e7o \u00e9 limitado, ela proporciona uma eleva\u00e7\u00e3o eficiente, permitindo que equipes trabalhem em diferentes alturas com m\u00e1xima seguran\u00e7a. Essas plataformas s\u00e3o ideais para manuten\u00e7\u00e3o, constru\u00e7\u00e3o e instala\u00e7\u00e3o em ambientes que n\u00e3o podem acomodar equipamentos grandes e volumosos.<\/p>\n<p><strong>Benef\u00edcios da Plataforma Elevat\u00f3ria Compacta em Recife<\/strong> Para as empresas de constru\u00e7\u00e3o e manuten\u00e7\u00e3o em Recife, ter acesso a uma plataforma elevat\u00f3ria compacta \u00e9 vital. Esses equipamentos oferecem a mobilidade necess\u00e1ria para operar em \u00e1reas restritas, como edif\u00edcios antigos ou locais com restri\u00e7\u00f5es de espa\u00e7o. Al\u00e9m disso, a manuten\u00e7\u00e3o e a instala\u00e7\u00e3o podem ser feitas com maior facilidade e rapidez, resultando em menos tempo de inatividade e mais efici\u00eancia no trabalho.<\/p>\n<p><strong>Aplica\u00e7\u00f5es Pr\u00e1ticas em Recife<\/strong> Em Recife, plataformas elevat\u00f3rias compactas s\u00e3o utilizadas em diversas situa\u00e7\u00f5es. Por exemplo, empresas de telecomunica\u00e7\u00f5es utilizam esses equipamentos para instalar e reparar linhas de energia e comunica\u00e7\u00e3o em edif\u00edcios altos. Al\u00e9m disso, em projetos de decora\u00e7\u00e3o e obras de arte, esses elevadores se mostram indispens\u00e1veis para alcan\u00e7ar \u00e1reas altas com seguran\u00e7a. A versatilidade desses equipamentos garante que eles possam ser adaptados a diversas situa\u00e7\u00f5es e ind\u00fastrias.<\/p>\n<p><strong>Como Escolher a Plataforma Elevat\u00f3ria Compacta Ideal?<\/strong> Ao escolher uma plataforma elevat\u00f3ria compacta, \u00e9 importante considerar alguns fatores, como a altura que voc\u00ea precisa alcan\u00e7ar, o peso m\u00e1ximo que ser\u00e1 suportado e o espa\u00e7o dispon\u00edvel para manobra. Uma consultoria especializada pode ajudar a definir qual equipamento atende melhor suas necessidades.<\/p>\n<p><strong>Por que Alugar em vez de Comprar?<\/strong> Para muitas empresas, pode ser mais vantajoso alugar uma plataforma elevat\u00f3ria compacta ao inv\u00e9s de fazer a compra. A loca\u00e7\u00e3o permite que voc\u00ea tenha acesso a equipamentos modernos e bem mantidos sem os custos iniciais de aquisi\u00e7\u00e3o. Al\u00e9m disso, voc\u00ea pode escolher a m\u00e1quina ideal conforme a necessidade do projeto, evitando custos com equipamentos que podem n\u00e3o ser usados em outras ocasi\u00f5es.<\/p>\n<p><strong>A Nigro Equipamentos: Sua Parceira em Solu\u00e7\u00f5es de Acesso<\/strong> A Nigro Equipamentos se destaca como uma empresa completa e hol\u00edstica na venda e loca\u00e7\u00e3o de equipamentos, incluindo plataformas elevat\u00f3rias compactas. Com anos de experi\u00eancia no mercado, oferecemos solu\u00e7\u00f5es personalizadas para atender a todas as necessidades de nossos clientes. Nossa equipe de especialistas est\u00e1 pronta para ajudar na escolha do equipamento ideal, garantindo seguran\u00e7a e efici\u00eancia em cada projeto.<\/p>\n<p><strong>Entre em Contato Conosco<\/strong> Se voc\u00ea est\u00e1 em Recife e precisa de uma plataforma elevat\u00f3ria compacta, n\u00e3o hesite em nos contatar. A Nigro Equipamentos oferece as melhores op\u00e7\u00f5es de loca\u00e7\u00e3o e venda, adaptando-se \u00e0s suas necessidades. Estamos prontos para ajudar seu projeto a subir a novos patamares.<\/p>\n<p><strong>Conclus\u00e3o<\/strong> Em resumo, a plataforma elevat\u00f3ria compacta \u00e9 uma ferramenta essencial para quem deseja realizar trabalhos em altura com seguran\u00e7a e efici\u00eancia em Recife. Com a Nigro Equipamentos, voc\u00ea tem a garantia de um suporte completo, ajudando sua empresa a encontrar a solu\u00e7\u00e3o ideal para todos os seus desafios.<\/p>\n","protected":false},"excerpt":{"rendered":"<p>O que \u00e9 uma Plataforma Elevat\u00f3ria Compacta? Uma plataforma elevat\u00f3ria compacta \u00e9 um equipamento projetado para oferecer acesso a altos locais com facilidade e seguran\u00e7a. Ideal para obras em \u00e1reas urbanas, onde o espa\u00e7o \u00e9 limitado, ela proporciona uma eleva\u00e7\u00e3o eficiente, permitindo que equipes trabalhem em diferentes alturas com m\u00e1xima seguran\u00e7a. Essas plataformas s\u00e3o ideais&hellip;&nbsp;<a href=\"https:\/\/nigroequipamentos.com.br\/conteudo\/descubra-a-versatilidade-da-plataforma-elevatoria-compacta-em-recife-36\/\" class=\"\" rel=\"bookmark\">Continue a ler &raquo;<span class=\"screen-reader-text\">Descubra a Versatilidade da Plataforma Elevat\u00f3ria Compacta em Recife<\/span><\/a><\/p>\n","protected":false},"author":1,"featured_media":17,"comment_status":"","ping_status":"open","sticky":false,"template":"","format":"standard","meta":{"_acf_changed":false,"_yoast_wpseo_focuskw":"Plataforma elevat\u00f3ria compacta Recife","_yoast_wpseo_title":"Plataforma Elevat\u00f3ria Compacta: O Acesso Ideal para Obras em Recife","_yoast_wpseo_metadesc":"Aprenda tudo sobre plataformas elevat\u00f3rias compactas em Recife e saiba por que a Nigro Equipamentos \u00e9 a escolha certa para loca\u00e7\u00e3o ou venda desses equipamentos.","neve_meta_sidebar":"","neve_meta_container":"","neve_meta_enable_content_width":"","neve_meta_content_width":0,"neve_meta_title_alignment":"","neve_meta_author_avatar":"","neve_post_elements_order":"","neve_meta_disable_header":"","neve_meta_disable_footer":"","neve_meta_disable_title":"","footnotes":""},"categories":[5],"tags":[],"class_list":["post-105429","post","type-post","status-publish","format-standard","has-post-thumbnail","hentry","category-recife"],"acf":[],"yoast_head":"<!-- This site is optimized with the Yoast SEO Premium plugin v18.3 (Yoast SEO v23.4) - https:\/\/yoast.com\/wordpress\/plugins\/seo\/ -->\n<title>Plataforma Elevat\u00f3ria Compacta: O Acesso Ideal para Obras em Recife<\/title>\n<meta name=\"description\" content=\"Aprenda tudo sobre plataformas elevat\u00f3rias compactas em Recife e saiba por que a Nigro Equipamentos \u00e9 a escolha certa para loca\u00e7\u00e3o ou venda desses equipamentos.\" \/>\n<meta name=\"robots\" content=\"index, follow, max-snippet:-1, max-image-preview:large, max-video-preview:-1\" \/>\n<link rel=\"canonical\" href=\"https:\/\/nigroequipamentos.com.br\/conteudo\/descubra-a-versatilidade-da-plataforma-elevatoria-compacta-em-recife-36\/\" \/>\n<meta property=\"og:locale\" content=\"pt_BR\" \/>\n<meta property=\"og:type\" content=\"article\" \/>\n<meta property=\"og:title\" content=\"Descubra a Versatilidade da Plataforma Elevat\u00f3ria Compacta em Recife\" \/>\n<meta property=\"og:description\" content=\"Aprenda tudo sobre plataformas elevat\u00f3rias compactas em Recife e saiba por que a Nigro Equipamentos \u00e9 a escolha certa para loca\u00e7\u00e3o ou venda desses equipamentos.\" \/>\n<meta property=\"og:url\" content=\"https:\/\/nigroequipamentos.com.br\/conteudo\/descubra-a-versatilidade-da-plataforma-elevatoria-compacta-em-recife-36\/\" \/>\n<meta property=\"og:site_name\" content=\"Nigro Equipamentos\" \/>\n<meta property=\"article:publisher\" content=\"https:\/\/www.facebook.com\/nigroequipamentos\" \/>\n<meta property=\"article:published_time\" content=\"2026-04-25T03:00:59+00:00\" \/>\n<meta property=\"og:image\" content=\"https:\/\/nigroequipamentos.com.br\/conteudo\/wp-content\/uploads\/2024\/10\/nigro-equipamentos.webp\" \/>\n\t<meta property=\"og:image:width\" content=\"1200\" \/>\n\t<meta property=\"og:image:height\" content=\"678\" \/>\n\t<meta property=\"og:image:type\" content=\"image\/webp\" \/>\n<meta name=\"author\" content=\"admin\" \/>\n<meta name=\"twitter:card\" content=\"summary_large_image\" \/>\n<meta name=\"twitter:label1\" content=\"Escrito por\" \/>\n\t<meta name=\"twitter:data1\" content=\"admin\" \/>\n\t<meta name=\"twitter:label2\" content=\"Est. tempo de leitura\" \/>\n\t<meta name=\"twitter:data2\" content=\"3 minutos\" \/>\n<script type=\"application\/ld+json\" class=\"yoast-schema-graph\">{\"@context\":\"https:\/\/schema.org\",\"@graph\":[{\"@type\":\"Article\",\"@id\":\"https:\/\/nigroequipamentos.com.br\/conteudo\/descubra-a-versatilidade-da-plataforma-elevatoria-compacta-em-recife-36\/#article\",\"isPartOf\":{\"@id\":\"https:\/\/nigroequipamentos.com.br\/conteudo\/descubra-a-versatilidade-da-plataforma-elevatoria-compacta-em-recife-36\/\"},\"author\":{\"name\":\"admin\",\"@id\":\"https:\/\/nigroequipamentos.com.br\/conteudo\/#\/schema\/person\/fcea30745d02308eb99e98a355ab1ca7\"},\"headline\":\"Descubra a Versatilidade da Plataforma Elevat\u00f3ria Compacta em Recife\",\"datePublished\":\"2026-04-25T03:00:59+00:00\",\"dateModified\":\"2026-04-25T03:00:59+00:00\",\"mainEntityOfPage\":{\"@id\":\"https:\/\/nigroequipamentos.com.br\/conteudo\/descubra-a-versatilidade-da-plataforma-elevatoria-compacta-em-recife-36\/\"},\"wordCount\":569,\"publisher\":{\"@id\":\"https:\/\/nigroequipamentos.com.br\/conteudo\/#organization\"},\"image\":{\"@id\":\"https:\/\/nigroequipamentos.com.br\/conteudo\/descubra-a-versatilidade-da-plataforma-elevatoria-compacta-em-recife-36\/#primaryimage\"},\"thumbnailUrl\":\"https:\/\/nigroequipamentos.com.br\/conteudo\/wp-content\/uploads\/2024\/10\/nigro-equipamentos.webp\",\"articleSection\":[\"Recife\"],\"inLanguage\":\"pt-BR\"},{\"@type\":\"WebPage\",\"@id\":\"https:\/\/nigroequipamentos.com.br\/conteudo\/descubra-a-versatilidade-da-plataforma-elevatoria-compacta-em-recife-36\/\",\"url\":\"https:\/\/nigroequipamentos.com.br\/conteudo\/descubra-a-versatilidade-da-plataforma-elevatoria-compacta-em-recife-36\/\",\"name\":\"Plataforma Elevat\u00f3ria Compacta: O Acesso Ideal para Obras em Recife\",\"isPartOf\":{\"@id\":\"https:\/\/nigroequipamentos.com.br\/conteudo\/#website\"},\"primaryImageOfPage\":{\"@id\":\"https:\/\/nigroequipamentos.com.br\/conteudo\/descubra-a-versatilidade-da-plataforma-elevatoria-compacta-em-recife-36\/#primaryimage\"},\"image\":{\"@id\":\"https:\/\/nigroequipamentos.com.br\/conteudo\/descubra-a-versatilidade-da-plataforma-elevatoria-compacta-em-recife-36\/#primaryimage\"},\"thumbnailUrl\":\"https:\/\/nigroequipamentos.com.br\/conteudo\/wp-content\/uploads\/2024\/10\/nigro-equipamentos.webp\",\"datePublished\":\"2026-04-25T03:00:59+00:00\",\"dateModified\":\"2026-04-25T03:00:59+00:00\",\"description\":\"Aprenda tudo sobre plataformas elevat\u00f3rias compactas em Recife e saiba por que a Nigro Equipamentos \u00e9 a escolha certa para loca\u00e7\u00e3o ou venda desses equipamentos.\",\"breadcrumb\":{\"@id\":\"https:\/\/nigroequipamentos.com.br\/conteudo\/descubra-a-versatilidade-da-plataforma-elevatoria-compacta-em-recife-36\/#breadcrumb\"},\"inLanguage\":\"pt-BR\",\"potentialAction\":[{\"@type\":\"ReadAction\",\"target\":[\"https:\/\/nigroequipamentos.com.br\/conteudo\/descubra-a-versatilidade-da-plataforma-elevatoria-compacta-em-recife-36\/\"]}]},{\"@type\":\"ImageObject\",\"inLanguage\":\"pt-BR\",\"@id\":\"https:\/\/nigroequipamentos.com.br\/conteudo\/descubra-a-versatilidade-da-plataforma-elevatoria-compacta-em-recife-36\/#primaryimage\",\"url\":\"https:\/\/nigroequipamentos.com.br\/conteudo\/wp-content\/uploads\/2024\/10\/nigro-equipamentos.webp\",\"contentUrl\":\"https:\/\/nigroequipamentos.com.br\/conteudo\/wp-content\/uploads\/2024\/10\/nigro-equipamentos.webp\",\"width\":1200,\"height\":678},{\"@type\":\"BreadcrumbList\",\"@id\":\"https:\/\/nigroequipamentos.com.br\/conteudo\/descubra-a-versatilidade-da-plataforma-elevatoria-compacta-em-recife-36\/#breadcrumb\",\"itemListElement\":[{\"@type\":\"ListItem\",\"position\":1,\"name\":\"In\u00edcio\",\"item\":\"https:\/\/nigroequipamentos.com.br\/conteudo\/\"},{\"@type\":\"ListItem\",\"position\":2,\"name\":\"Descubra a Versatilidade da Plataforma Elevat\u00f3ria Compacta em Recife\"}]},{\"@type\":\"WebSite\",\"@id\":\"https:\/\/nigroequipamentos.com.br\/conteudo\/#website\",\"url\":\"https:\/\/nigroequipamentos.com.br\/conteudo\/\",\"name\":\"Nigro Equipamentos\",\"description\":\"Loca\u00e7\u00e3o e Vendas\",\"publisher\":{\"@id\":\"https:\/\/nigroequipamentos.com.br\/conteudo\/#organization\"},\"potentialAction\":[{\"@type\":\"SearchAction\",\"target\":{\"@type\":\"EntryPoint\",\"urlTemplate\":\"https:\/\/nigroequipamentos.com.br\/conteudo\/?s={search_term_string}\"},\"query-input\":{\"@type\":\"PropertyValueSpecification\",\"valueRequired\":true,\"valueName\":\"search_term_string\"}}],\"inLanguage\":\"pt-BR\"},{\"@type\":\"Organization\",\"@id\":\"https:\/\/nigroequipamentos.com.br\/conteudo\/#organization\",\"name\":\"Nigro Equipamentos\",\"url\":\"https:\/\/nigroequipamentos.com.br\/conteudo\/\",\"logo\":{\"@type\":\"ImageObject\",\"inLanguage\":\"pt-BR\",\"@id\":\"https:\/\/nigroequipamentos.com.br\/conteudo\/#\/schema\/logo\/image\/\",\"url\":\"https:\/\/nigroequipamentos.com.br\/conteudo\/wp-content\/uploads\/2024\/10\/nigroequipamentos_logo.webp\",\"contentUrl\":\"https:\/\/nigroequipamentos.com.br\/conteudo\/wp-content\/uploads\/2024\/10\/nigroequipamentos_logo.webp\",\"width\":785,\"height\":355,\"caption\":\"Nigro Equipamentos\"},\"image\":{\"@id\":\"https:\/\/nigroequipamentos.com.br\/conteudo\/#\/schema\/logo\/image\/\"},\"sameAs\":[\"https:\/\/www.facebook.com\/nigroequipamentos\",\"https:\/\/www.instagram.com\/nigroequipamentos\/\"]},{\"@type\":\"Person\",\"@id\":\"https:\/\/nigroequipamentos.com.br\/conteudo\/#\/schema\/person\/fcea30745d02308eb99e98a355ab1ca7\",\"name\":\"admin\",\"image\":{\"@type\":\"ImageObject\",\"inLanguage\":\"pt-BR\",\"@id\":\"https:\/\/nigroequipamentos.com.br\/conteudo\/#\/schema\/person\/image\/\",\"url\":\"https:\/\/secure.gravatar.com\/avatar\/8e1e805e3c53d28d73ab302708d1c1b7?s=96&d=mm&r=g\",\"contentUrl\":\"https:\/\/secure.gravatar.com\/avatar\/8e1e805e3c53d28d73ab302708d1c1b7?s=96&d=mm&r=g\",\"caption\":\"admin\"},\"sameAs\":[\"https:\/\/nigroequipamentos.com.br\/conteudo\"],\"url\":\"https:\/\/nigroequipamentos.com.br\/conteudo\/author\/admin\/\"}]}<\/script>\n<!-- \/ Yoast SEO Premium plugin. -->","yoast_head_json":{"title":"Plataforma Elevat\u00f3ria Compacta: O Acesso Ideal para Obras em Recife","description":"Aprenda tudo sobre plataformas elevat\u00f3rias compactas em Recife e saiba por que a Nigro Equipamentos \u00e9 a escolha certa para loca\u00e7\u00e3o ou venda desses equipamentos.","robots":{"index":"index","follow":"follow","max-snippet":"max-snippet:-1","max-image-preview":"max-image-preview:large","max-video-preview":"max-video-preview:-1"},"canonical":"https:\/\/nigroequipamentos.com.br\/conteudo\/descubra-a-versatilidade-da-plataforma-elevatoria-compacta-em-recife-36\/","og_locale":"pt_BR","og_type":"article","og_title":"Descubra a Versatilidade da Plataforma Elevat\u00f3ria Compacta em Recife","og_description":"Aprenda tudo sobre plataformas elevat\u00f3rias compactas em Recife e saiba por que a Nigro Equipamentos \u00e9 a escolha certa para loca\u00e7\u00e3o ou venda desses equipamentos.","og_url":"https:\/\/nigroequipamentos.com.br\/conteudo\/descubra-a-versatilidade-da-plataforma-elevatoria-compacta-em-recife-36\/","og_site_name":"Nigro Equipamentos","article_publisher":"https:\/\/www.facebook.com\/nigroequipamentos","article_published_time":"2026-04-25T03:00:59+00:00","og_image":[{"width":1200,"height":678,"url":"https:\/\/nigroequipamentos.com.br\/conteudo\/wp-content\/uploads\/2024\/10\/nigro-equipamentos.webp","type":"image\/webp"}],"author":"admin","twitter_card":"summary_large_image","twitter_misc":{"Escrito por":"admin","Est. tempo de leitura":"3 minutos"},"schema":{"@context":"https:\/\/schema.org","@graph":[{"@type":"Article","@id":"https:\/\/nigroequipamentos.com.br\/conteudo\/descubra-a-versatilidade-da-plataforma-elevatoria-compacta-em-recife-36\/#article","isPartOf":{"@id":"https:\/\/nigroequipamentos.com.br\/conteudo\/descubra-a-versatilidade-da-plataforma-elevatoria-compacta-em-recife-36\/"},"author":{"name":"admin","@id":"https:\/\/nigroequipamentos.com.br\/conteudo\/#\/schema\/person\/fcea30745d02308eb99e98a355ab1ca7"},"headline":"Descubra a Versatilidade da Plataforma Elevat\u00f3ria Compacta em Recife","datePublished":"2026-04-25T03:00:59+00:00","dateModified":"2026-04-25T03:00:59+00:00","mainEntityOfPage":{"@id":"https:\/\/nigroequipamentos.com.br\/conteudo\/descubra-a-versatilidade-da-plataforma-elevatoria-compacta-em-recife-36\/"},"wordCount":569,"publisher":{"@id":"https:\/\/nigroequipamentos.com.br\/conteudo\/#organization"},"image":{"@id":"https:\/\/nigroequipamentos.com.br\/conteudo\/descubra-a-versatilidade-da-plataforma-elevatoria-compacta-em-recife-36\/#primaryimage"},"thumbnailUrl":"https:\/\/nigroequipamentos.com.br\/conteudo\/wp-content\/uploads\/2024\/10\/nigro-equipamentos.webp","articleSection":["Recife"],"inLanguage":"pt-BR"},{"@type":"WebPage","@id":"https:\/\/nigroequipamentos.com.br\/conteudo\/descubra-a-versatilidade-da-plataforma-elevatoria-compacta-em-recife-36\/","url":"https:\/\/nigroequipamentos.com.br\/conteudo\/descubra-a-versatilidade-da-plataforma-elevatoria-compacta-em-recife-36\/","name":"Plataforma Elevat\u00f3ria Compacta: O Acesso Ideal para Obras em Recife","isPartOf":{"@id":"https:\/\/nigroequipamentos.com.br\/conteudo\/#website"},"primaryImageOfPage":{"@id":"https:\/\/nigroequipamentos.com.br\/conteudo\/descubra-a-versatilidade-da-plataforma-elevatoria-compacta-em-recife-36\/#primaryimage"},"image":{"@id":"https:\/\/nigroequipamentos.com.br\/conteudo\/descubra-a-versatilidade-da-plataforma-elevatoria-compacta-em-recife-36\/#primaryimage"},"thumbnailUrl":"https:\/\/nigroequipamentos.com.br\/conteudo\/wp-content\/uploads\/2024\/10\/nigro-equipamentos.webp","datePublished":"2026-04-25T03:00:59+00:00","dateModified":"2026-04-25T03:00:59+00:00","description":"Aprenda tudo sobre plataformas elevat\u00f3rias compactas em Recife e saiba por que a Nigro Equipamentos \u00e9 a escolha certa para loca\u00e7\u00e3o ou venda desses equipamentos.","breadcrumb":{"@id":"https:\/\/nigroequipamentos.com.br\/conteudo\/descubra-a-versatilidade-da-plataforma-elevatoria-compacta-em-recife-36\/#breadcrumb"},"inLanguage":"pt-BR","potentialAction":[{"@type":"ReadAction","target":["https:\/\/nigroequipamentos.com.br\/conteudo\/descubra-a-versatilidade-da-plataforma-elevatoria-compacta-em-recife-36\/"]}]},{"@type":"ImageObject","inLanguage":"pt-BR","@id":"https:\/\/nigroequipamentos.com.br\/conteudo\/descubra-a-versatilidade-da-plataforma-elevatoria-compacta-em-recife-36\/#primaryimage","url":"https:\/\/nigroequipamentos.com.br\/conteudo\/wp-content\/uploads\/2024\/10\/nigro-equipamentos.webp","contentUrl":"https:\/\/nigroequipamentos.com.br\/conteudo\/wp-content\/uploads\/2024\/10\/nigro-equipamentos.webp","width":1200,"height":678},{"@type":"BreadcrumbList","@id":"https:\/\/nigroequipamentos.com.br\/conteudo\/descubra-a-versatilidade-da-plataforma-elevatoria-compacta-em-recife-36\/#breadcrumb","itemListElement":[{"@type":"ListItem","position":1,"name":"In\u00edcio","item":"https:\/\/nigroequipamentos.com.br\/conteudo\/"},{"@type":"ListItem","position":2,"name":"Descubra a Versatilidade da Plataforma Elevat\u00f3ria Compacta em Recife"}]},{"@type":"WebSite","@id":"https:\/\/nigroequipamentos.com.br\/conteudo\/#website","url":"https:\/\/nigroequipamentos.com.br\/conteudo\/","name":"Nigro Equipamentos","description":"Loca\u00e7\u00e3o e Vendas","publisher":{"@id":"https:\/\/nigroequipamentos.com.br\/conteudo\/#organization"},"potentialAction":[{"@type":"SearchAction","target":{"@type":"EntryPoint","urlTemplate":"https:\/\/nigroequipamentos.com.br\/conteudo\/?s={search_term_string}"},"query-input":{"@type":"PropertyValueSpecification","valueRequired":true,"valueName":"search_term_string"}}],"inLanguage":"pt-BR"},{"@type":"Organization","@id":"https:\/\/nigroequipamentos.com.br\/conteudo\/#organization","name":"Nigro Equipamentos","url":"https:\/\/nigroequipamentos.com.br\/conteudo\/","logo":{"@type":"ImageObject","inLanguage":"pt-BR","@id":"https:\/\/nigroequipamentos.com.br\/conteudo\/#\/schema\/logo\/image\/","url":"https:\/\/nigroequipamentos.com.br\/conteudo\/wp-content\/uploads\/2024\/10\/nigroequipamentos_logo.webp","contentUrl":"https:\/\/nigroequipamentos.com.br\/conteudo\/wp-content\/uploads\/2024\/10\/nigroequipamentos_logo.webp","width":785,"height":355,"caption":"Nigro Equipamentos"},"image":{"@id":"https:\/\/nigroequipamentos.com.br\/conteudo\/#\/schema\/logo\/image\/"},"sameAs":["https:\/\/www.facebook.com\/nigroequipamentos","https:\/\/www.instagram.com\/nigroequipamentos\/"]},{"@type":"Person","@id":"https:\/\/nigroequipamentos.com.br\/conteudo\/#\/schema\/person\/fcea30745d02308eb99e98a355ab1ca7","name":"admin","image":{"@type":"ImageObject","inLanguage":"pt-BR","@id":"https:\/\/nigroequipamentos.com.br\/conteudo\/#\/schema\/person\/image\/","url":"https:\/\/secure.gravatar.com\/avatar\/8e1e805e3c53d28d73ab302708d1c1b7?s=96&d=mm&r=g","contentUrl":"https:\/\/secure.gravatar.com\/avatar\/8e1e805e3c53d28d73ab302708d1c1b7?s=96&d=mm&r=g","caption":"admin"},"sameAs":["https:\/\/nigroequipamentos.com.br\/conteudo"],"url":"https:\/\/nigroequipamentos.com.br\/conteudo\/author\/admin\/"}]}},"_links":{"self":[{"href":"https:\/\/nigroequipamentos.com.br\/conteudo\/wp-json\/wp\/v2\/posts\/105429","targetHints":{"allow":["GET"]}}],"collection":[{"href":"https:\/\/nigroequipamentos.com.br\/conteudo\/wp-json\/wp\/v2\/posts"}],"about":[{"href":"https:\/\/nigroequipamentos.com.br\/conteudo\/wp-json\/wp\/v2\/types\/post"}],"author":[{"embeddable":true,"href":"https:\/\/nigroequipamentos.com.br\/conteudo\/wp-json\/wp\/v2\/users\/1"}],"replies":[{"embeddable":true,"href":"https:\/\/nigroequipamentos.com.br\/conteudo\/wp-json\/wp\/v2\/comments?post=105429"}],"version-history":[{"count":0,"href":"https:\/\/nigroequipamentos.com.br\/conteudo\/wp-json\/wp\/v2\/posts\/105429\/revisions"}],"wp:featuredmedia":[{"embeddable":true,"href":"https:\/\/nigroequipamentos.com.br\/conteudo\/wp-json\/wp\/v2\/media\/17"}],"wp:attachment":[{"href":"https:\/\/nigroequipamentos.com.br\/conteudo\/wp-json\/wp\/v2\/media?parent=105429"}],"wp:term":[{"taxonomy":"category","embeddable":true,"href":"https:\/\/nigroequipamentos.com.br\/conteudo\/wp-json\/wp\/v2\/categories?post=105429"},{"taxonomy":"post_tag","embeddable":true,"href":"https:\/\/nigroequipamentos.com.br\/conteudo\/wp-json\/wp\/v2\/tags?post=105429"}],"curies":[{"name":"wp","href":"https:\/\/api.w.org\/{rel}","templated":true}]}}