{"id":105267,"date":"2026-04-24T06:01:01","date_gmt":"2026-04-24T09:01:01","guid":{"rendered":"https:\/\/nigroequipamentos.com.br\/conteudo\/ferramenta-poderosa-no-armazem-conheca-a-empilhadeira-retratil-de-alta-capacidade-em-recife\/"},"modified":"2026-04-24T06:01:01","modified_gmt":"2026-04-24T09:01:01","slug":"ferramenta-poderosa-no-armazem-conheca-a-empilhadeira-retratil-de-alta-capacidade-em-recife","status":"publish","type":"post","link":"https:\/\/nigroequipamentos.com.br\/conteudo\/ferramenta-poderosa-no-armazem-conheca-a-empilhadeira-retratil-de-alta-capacidade-em-recife\/","title":{"rendered":"Ferramenta Poderosa no Armaz\u00e9m: Conhe\u00e7a a Empilhadeira Retr\u00e1til de Alta Capacidade em Recife"},"content":{"rendered":"<p><strong>Introdu\u00e7\u00e3o \u00e0 Empilhadeira Retr\u00e1til de Alta Capacidade<\/strong><br \/>\nA empilhadeira retr\u00e1til de alta capacidade \u00e9 um equipamento essencial para opera\u00e7\u00f5es que exigem efici\u00eancia e agilidade na movimenta\u00e7\u00e3o de cargas em espa\u00e7os reduzidos. Em Recife, esse tipo de equipamento tem ganho destaque, especialmente em setores como log\u00edstica, distribui\u00e7\u00e3o e armazenamento. Com uma capacidade de carga que pode variar de 1.500 kg a 2.500 kg, as empilhadeiras retr\u00e1teis s\u00e3o projetadas para atender \u00e0s demandas de armaz\u00e9ns que buscam m\u00e1xima performance e seguran\u00e7a.  <\/p>\n<p><strong>Vantagens das Empilhadeiras Retr\u00e1teis<\/strong><br \/>\nUm dos principais benef\u00edcios das empilhadeiras retr\u00e1teis \u00e9 sua versatilidade. Elas s\u00e3o capazes de operar em corredores estreitos, o que as torna ideais para ambientes onde o espa\u00e7o \u00e9 limitado. Isso \u00e9 crucial em armaz\u00e9ns onde a maximiza\u00e7\u00e3o da \u00e1rea de armazenamento \u00e9 uma priority. Al\u00e9m disso, esses equipamentos costumam ter uma altura de eleva\u00e7\u00e3o que pode chegar a 12 metros, permitindo que os operadores empilhem cargas em prateleiras altas.  <\/p>\n<p>A efici\u00eancia energ\u00e9tica das empilhadeiras retr\u00e1teis tamb\u00e9m \u00e9 not\u00e1vel. Muitas unidades s\u00e3o equipadas com motores el\u00e9tricos que n\u00e3o s\u00f3 oferecem um desempenho robusto, mas tamb\u00e9m ajudam na redu\u00e7\u00e3o de custos operacionais a longo prazo. Essa caracter\u00edstica se torna cada vez mais importante em um mundo que demanda solu\u00e7\u00f5es mais sustent\u00e1veis.  <\/p>\n<p><strong>A Import\u00e2ncia da Manuten\u00e7\u00e3o<\/strong><br \/>\nPara garantir a longevidade e o desempenho ideal das empilhadeiras retr\u00e1teis, a manuten\u00e7\u00e3o regular \u00e9 crucial. \u00c9 recomendado realizar manuten\u00e7\u00f5es preventivas a cada 500 horas de opera\u00e7\u00e3o para evitar percal\u00e7os que possam atrasar o fluxo de trabalho. A Nigro Equipamentos disponibiliza uma equipe de t\u00e9cnicos especializados prontos para realizar essas interven\u00e7\u00f5es e assegurar que o seu equipamento esteja sempre em condi\u00e7\u00f5es ideais.  <\/p>\n<p><strong>Empilhadeiras Retr\u00e1teis da Nigro Equipamentos<\/strong><br \/>\nA Nigro Equipamentos se destaca no mercado de Recife n\u00e3o apenas pela venda, mas tamb\u00e9m pela loca\u00e7\u00e3o de empilhadeiras retr\u00e1teis de alta capacidade. Oferecemos modelos que se adaptam perfeitamente \u00e0s necessidades do seu armaz\u00e9m. Al\u00e9m disso, nossa equipe de consultoria pode ajudar na escolha do modelo que melhor se adapta ao seu fluxo de trabalho, considerando fatores como o peso das cargas e a altura das prateleiras.  <\/p>\n<p>Nossa miss\u00e3o \u00e9 fornecer solu\u00e7\u00f5es completas que v\u00e3o al\u00e9m da simples venda de equipamentos. Apostamos em parcerias de longo prazo com nossos clientes, garantindo suporte t\u00e9cnico e treinamento para operadores, o que torna a opera\u00e7\u00e3o mais segura e eficiente.  <\/p>\n<p><strong>Exemplos de Uso na Pr\u00e1tica<\/strong><br \/>\nImagine um armaz\u00e9m com corredores estreitos que necessitam de um sistema de armazenamento vertical. A empilhadeira retr\u00e1til se torna a escolha ideal, permitindo que os operadores movimentem paletes de forma segura e r\u00e1pida, aumentando a produtividade. Em outro exemplo, em empresas que trabalham com produtos de alto giro, a empilhadeira retr\u00e1til ajuda na reposi\u00e7\u00e3o de estoques de forma r\u00e1pida e eficiente.  <\/p>\n<p><strong>Conclus\u00e3o<\/strong><br \/>\nInvestir em uma empilhadeira retr\u00e1til de alta capacidade pode ser um divisor de \u00e1guas para sua opera\u00e7\u00e3o log\u00edstica. Com a presen\u00e7a da Nigro Equipamentos em Recife, voc\u00ea tem acesso a solu\u00e7\u00f5es que n\u00e3o apenas atendem \u00e0s suas necessidades atuais, mas que tamb\u00e9m preparam sua empresa para o futuro. Somos uma empresa completa e hol\u00edstica na venda e loca\u00e7\u00e3o de equipamentos, sempre comprometida com a qualidade e a excel\u00eancia no atendimento ao cliente.<\/p>\n","protected":false},"excerpt":{"rendered":"<p>Introdu\u00e7\u00e3o \u00e0 Empilhadeira Retr\u00e1til de Alta Capacidade A empilhadeira retr\u00e1til de alta capacidade \u00e9 um equipamento essencial para opera\u00e7\u00f5es que exigem efici\u00eancia e agilidade na movimenta\u00e7\u00e3o de cargas em espa\u00e7os reduzidos. Em Recife, esse tipo de equipamento tem ganho destaque, especialmente em setores como log\u00edstica, distribui\u00e7\u00e3o e armazenamento. Com uma capacidade de carga que pode&hellip;&nbsp;<a href=\"https:\/\/nigroequipamentos.com.br\/conteudo\/ferramenta-poderosa-no-armazem-conheca-a-empilhadeira-retratil-de-alta-capacidade-em-recife\/\" class=\"\" rel=\"bookmark\">Continue a ler &raquo;<span class=\"screen-reader-text\">Ferramenta Poderosa no Armaz\u00e9m: Conhe\u00e7a a Empilhadeira Retr\u00e1til de Alta Capacidade em Recife<\/span><\/a><\/p>\n","protected":false},"author":1,"featured_media":17,"comment_status":"","ping_status":"open","sticky":false,"template":"","format":"standard","meta":{"_acf_changed":false,"_yoast_wpseo_focuskw":"empilhadeira retr\u00e1til alta capacidade Recife","_yoast_wpseo_title":"Empilhadeira Retr\u00e1til Alta Capacidade em Recife: Solu\u00e7\u00f5es da Nigro Equipamentos","_yoast_wpseo_metadesc":"Descubra tudo sobre a empilhadeira retr\u00e1til de alta capacidade em Recife e como a Nigro Equipamentos pode auxiliar sua opera\u00e7\u00e3o com solu\u00e7\u00f5es completas e eficazes.","neve_meta_sidebar":"","neve_meta_container":"","neve_meta_enable_content_width":"","neve_meta_content_width":0,"neve_meta_title_alignment":"","neve_meta_author_avatar":"","neve_post_elements_order":"","neve_meta_disable_header":"","neve_meta_disable_footer":"","neve_meta_disable_title":"","footnotes":""},"categories":[5],"tags":[],"class_list":["post-105267","post","type-post","status-publish","format-standard","has-post-thumbnail","hentry","category-recife"],"acf":[],"yoast_head":"<!-- This site is optimized with the Yoast SEO Premium plugin v18.3 (Yoast SEO v23.4) - https:\/\/yoast.com\/wordpress\/plugins\/seo\/ -->\n<title>Empilhadeira Retr\u00e1til Alta Capacidade em Recife: Solu\u00e7\u00f5es da Nigro Equipamentos<\/title>\n<meta name=\"description\" content=\"Descubra tudo sobre a empilhadeira retr\u00e1til de alta capacidade em Recife e como a Nigro Equipamentos pode auxiliar sua opera\u00e7\u00e3o com solu\u00e7\u00f5es completas e eficazes.\" \/>\n<meta name=\"robots\" content=\"index, follow, max-snippet:-1, max-image-preview:large, max-video-preview:-1\" \/>\n<link rel=\"canonical\" href=\"https:\/\/nigroequipamentos.com.br\/conteudo\/ferramenta-poderosa-no-armazem-conheca-a-empilhadeira-retratil-de-alta-capacidade-em-recife\/\" \/>\n<meta property=\"og:locale\" content=\"pt_BR\" \/>\n<meta property=\"og:type\" content=\"article\" \/>\n<meta property=\"og:title\" content=\"Ferramenta Poderosa no Armaz\u00e9m: Conhe\u00e7a a Empilhadeira Retr\u00e1til de Alta Capacidade em Recife\" \/>\n<meta property=\"og:description\" content=\"Descubra tudo sobre a empilhadeira retr\u00e1til de alta capacidade em Recife e como a Nigro Equipamentos pode auxiliar sua opera\u00e7\u00e3o com solu\u00e7\u00f5es completas e eficazes.\" \/>\n<meta property=\"og:url\" content=\"https:\/\/nigroequipamentos.com.br\/conteudo\/ferramenta-poderosa-no-armazem-conheca-a-empilhadeira-retratil-de-alta-capacidade-em-recife\/\" \/>\n<meta property=\"og:site_name\" content=\"Nigro Equipamentos\" \/>\n<meta property=\"article:publisher\" content=\"https:\/\/www.facebook.com\/nigroequipamentos\" \/>\n<meta property=\"article:published_time\" content=\"2026-04-24T09:01:01+00:00\" \/>\n<meta property=\"og:image\" content=\"https:\/\/nigroequipamentos.com.br\/conteudo\/wp-content\/uploads\/2024\/10\/nigro-equipamentos.webp\" \/>\n\t<meta property=\"og:image:width\" content=\"1200\" \/>\n\t<meta property=\"og:image:height\" content=\"678\" \/>\n\t<meta property=\"og:image:type\" content=\"image\/webp\" \/>\n<meta name=\"author\" content=\"admin\" \/>\n<meta name=\"twitter:card\" content=\"summary_large_image\" \/>\n<meta name=\"twitter:label1\" content=\"Escrito por\" \/>\n\t<meta name=\"twitter:data1\" content=\"admin\" \/>\n\t<meta name=\"twitter:label2\" content=\"Est. tempo de leitura\" \/>\n\t<meta name=\"twitter:data2\" content=\"3 minutos\" \/>\n<script type=\"application\/ld+json\" class=\"yoast-schema-graph\">{\"@context\":\"https:\/\/schema.org\",\"@graph\":[{\"@type\":\"Article\",\"@id\":\"https:\/\/nigroequipamentos.com.br\/conteudo\/ferramenta-poderosa-no-armazem-conheca-a-empilhadeira-retratil-de-alta-capacidade-em-recife\/#article\",\"isPartOf\":{\"@id\":\"https:\/\/nigroequipamentos.com.br\/conteudo\/ferramenta-poderosa-no-armazem-conheca-a-empilhadeira-retratil-de-alta-capacidade-em-recife\/\"},\"author\":{\"name\":\"admin\",\"@id\":\"https:\/\/nigroequipamentos.com.br\/conteudo\/#\/schema\/person\/fcea30745d02308eb99e98a355ab1ca7\"},\"headline\":\"Ferramenta Poderosa no Armaz\u00e9m: Conhe\u00e7a a Empilhadeira Retr\u00e1til de Alta Capacidade em Recife\",\"datePublished\":\"2026-04-24T09:01:01+00:00\",\"dateModified\":\"2026-04-24T09:01:01+00:00\",\"mainEntityOfPage\":{\"@id\":\"https:\/\/nigroequipamentos.com.br\/conteudo\/ferramenta-poderosa-no-armazem-conheca-a-empilhadeira-retratil-de-alta-capacidade-em-recife\/\"},\"wordCount\":598,\"publisher\":{\"@id\":\"https:\/\/nigroequipamentos.com.br\/conteudo\/#organization\"},\"image\":{\"@id\":\"https:\/\/nigroequipamentos.com.br\/conteudo\/ferramenta-poderosa-no-armazem-conheca-a-empilhadeira-retratil-de-alta-capacidade-em-recife\/#primaryimage\"},\"thumbnailUrl\":\"https:\/\/nigroequipamentos.com.br\/conteudo\/wp-content\/uploads\/2024\/10\/nigro-equipamentos.webp\",\"articleSection\":[\"Recife\"],\"inLanguage\":\"pt-BR\"},{\"@type\":\"WebPage\",\"@id\":\"https:\/\/nigroequipamentos.com.br\/conteudo\/ferramenta-poderosa-no-armazem-conheca-a-empilhadeira-retratil-de-alta-capacidade-em-recife\/\",\"url\":\"https:\/\/nigroequipamentos.com.br\/conteudo\/ferramenta-poderosa-no-armazem-conheca-a-empilhadeira-retratil-de-alta-capacidade-em-recife\/\",\"name\":\"Empilhadeira Retr\u00e1til Alta Capacidade em Recife: Solu\u00e7\u00f5es da Nigro Equipamentos\",\"isPartOf\":{\"@id\":\"https:\/\/nigroequipamentos.com.br\/conteudo\/#website\"},\"primaryImageOfPage\":{\"@id\":\"https:\/\/nigroequipamentos.com.br\/conteudo\/ferramenta-poderosa-no-armazem-conheca-a-empilhadeira-retratil-de-alta-capacidade-em-recife\/#primaryimage\"},\"image\":{\"@id\":\"https:\/\/nigroequipamentos.com.br\/conteudo\/ferramenta-poderosa-no-armazem-conheca-a-empilhadeira-retratil-de-alta-capacidade-em-recife\/#primaryimage\"},\"thumbnailUrl\":\"https:\/\/nigroequipamentos.com.br\/conteudo\/wp-content\/uploads\/2024\/10\/nigro-equipamentos.webp\",\"datePublished\":\"2026-04-24T09:01:01+00:00\",\"dateModified\":\"2026-04-24T09:01:01+00:00\",\"description\":\"Descubra tudo sobre a empilhadeira retr\u00e1til de alta capacidade em Recife e como a Nigro Equipamentos pode auxiliar sua opera\u00e7\u00e3o com solu\u00e7\u00f5es completas e eficazes.\",\"breadcrumb\":{\"@id\":\"https:\/\/nigroequipamentos.com.br\/conteudo\/ferramenta-poderosa-no-armazem-conheca-a-empilhadeira-retratil-de-alta-capacidade-em-recife\/#breadcrumb\"},\"inLanguage\":\"pt-BR\",\"potentialAction\":[{\"@type\":\"ReadAction\",\"target\":[\"https:\/\/nigroequipamentos.com.br\/conteudo\/ferramenta-poderosa-no-armazem-conheca-a-empilhadeira-retratil-de-alta-capacidade-em-recife\/\"]}]},{\"@type\":\"ImageObject\",\"inLanguage\":\"pt-BR\",\"@id\":\"https:\/\/nigroequipamentos.com.br\/conteudo\/ferramenta-poderosa-no-armazem-conheca-a-empilhadeira-retratil-de-alta-capacidade-em-recife\/#primaryimage\",\"url\":\"https:\/\/nigroequipamentos.com.br\/conteudo\/wp-content\/uploads\/2024\/10\/nigro-equipamentos.webp\",\"contentUrl\":\"https:\/\/nigroequipamentos.com.br\/conteudo\/wp-content\/uploads\/2024\/10\/nigro-equipamentos.webp\",\"width\":1200,\"height\":678},{\"@type\":\"BreadcrumbList\",\"@id\":\"https:\/\/nigroequipamentos.com.br\/conteudo\/ferramenta-poderosa-no-armazem-conheca-a-empilhadeira-retratil-de-alta-capacidade-em-recife\/#breadcrumb\",\"itemListElement\":[{\"@type\":\"ListItem\",\"position\":1,\"name\":\"In\u00edcio\",\"item\":\"https:\/\/nigroequipamentos.com.br\/conteudo\/\"},{\"@type\":\"ListItem\",\"position\":2,\"name\":\"Ferramenta Poderosa no Armaz\u00e9m: Conhe\u00e7a a Empilhadeira Retr\u00e1til de Alta Capacidade em Recife\"}]},{\"@type\":\"WebSite\",\"@id\":\"https:\/\/nigroequipamentos.com.br\/conteudo\/#website\",\"url\":\"https:\/\/nigroequipamentos.com.br\/conteudo\/\",\"name\":\"Nigro Equipamentos\",\"description\":\"Loca\u00e7\u00e3o e Vendas\",\"publisher\":{\"@id\":\"https:\/\/nigroequipamentos.com.br\/conteudo\/#organization\"},\"potentialAction\":[{\"@type\":\"SearchAction\",\"target\":{\"@type\":\"EntryPoint\",\"urlTemplate\":\"https:\/\/nigroequipamentos.com.br\/conteudo\/?s={search_term_string}\"},\"query-input\":{\"@type\":\"PropertyValueSpecification\",\"valueRequired\":true,\"valueName\":\"search_term_string\"}}],\"inLanguage\":\"pt-BR\"},{\"@type\":\"Organization\",\"@id\":\"https:\/\/nigroequipamentos.com.br\/conteudo\/#organization\",\"name\":\"Nigro Equipamentos\",\"url\":\"https:\/\/nigroequipamentos.com.br\/conteudo\/\",\"logo\":{\"@type\":\"ImageObject\",\"inLanguage\":\"pt-BR\",\"@id\":\"https:\/\/nigroequipamentos.com.br\/conteudo\/#\/schema\/logo\/image\/\",\"url\":\"https:\/\/nigroequipamentos.com.br\/conteudo\/wp-content\/uploads\/2024\/10\/nigroequipamentos_logo.webp\",\"contentUrl\":\"https:\/\/nigroequipamentos.com.br\/conteudo\/wp-content\/uploads\/2024\/10\/nigroequipamentos_logo.webp\",\"width\":785,\"height\":355,\"caption\":\"Nigro Equipamentos\"},\"image\":{\"@id\":\"https:\/\/nigroequipamentos.com.br\/conteudo\/#\/schema\/logo\/image\/\"},\"sameAs\":[\"https:\/\/www.facebook.com\/nigroequipamentos\",\"https:\/\/www.instagram.com\/nigroequipamentos\/\"]},{\"@type\":\"Person\",\"@id\":\"https:\/\/nigroequipamentos.com.br\/conteudo\/#\/schema\/person\/fcea30745d02308eb99e98a355ab1ca7\",\"name\":\"admin\",\"image\":{\"@type\":\"ImageObject\",\"inLanguage\":\"pt-BR\",\"@id\":\"https:\/\/nigroequipamentos.com.br\/conteudo\/#\/schema\/person\/image\/\",\"url\":\"https:\/\/secure.gravatar.com\/avatar\/8e1e805e3c53d28d73ab302708d1c1b7?s=96&d=mm&r=g\",\"contentUrl\":\"https:\/\/secure.gravatar.com\/avatar\/8e1e805e3c53d28d73ab302708d1c1b7?s=96&d=mm&r=g\",\"caption\":\"admin\"},\"sameAs\":[\"https:\/\/nigroequipamentos.com.br\/conteudo\"],\"url\":\"https:\/\/nigroequipamentos.com.br\/conteudo\/author\/admin\/\"}]}<\/script>\n<!-- \/ Yoast SEO Premium plugin. -->","yoast_head_json":{"title":"Empilhadeira Retr\u00e1til Alta Capacidade em Recife: Solu\u00e7\u00f5es da Nigro Equipamentos","description":"Descubra tudo sobre a empilhadeira retr\u00e1til de alta capacidade em Recife e como a Nigro Equipamentos pode auxiliar sua opera\u00e7\u00e3o com solu\u00e7\u00f5es completas e eficazes.","robots":{"index":"index","follow":"follow","max-snippet":"max-snippet:-1","max-image-preview":"max-image-preview:large","max-video-preview":"max-video-preview:-1"},"canonical":"https:\/\/nigroequipamentos.com.br\/conteudo\/ferramenta-poderosa-no-armazem-conheca-a-empilhadeira-retratil-de-alta-capacidade-em-recife\/","og_locale":"pt_BR","og_type":"article","og_title":"Ferramenta Poderosa no Armaz\u00e9m: Conhe\u00e7a a Empilhadeira Retr\u00e1til de Alta Capacidade em Recife","og_description":"Descubra tudo sobre a empilhadeira retr\u00e1til de alta capacidade em Recife e como a Nigro Equipamentos pode auxiliar sua opera\u00e7\u00e3o com solu\u00e7\u00f5es completas e eficazes.","og_url":"https:\/\/nigroequipamentos.com.br\/conteudo\/ferramenta-poderosa-no-armazem-conheca-a-empilhadeira-retratil-de-alta-capacidade-em-recife\/","og_site_name":"Nigro Equipamentos","article_publisher":"https:\/\/www.facebook.com\/nigroequipamentos","article_published_time":"2026-04-24T09:01:01+00:00","og_image":[{"width":1200,"height":678,"url":"https:\/\/nigroequipamentos.com.br\/conteudo\/wp-content\/uploads\/2024\/10\/nigro-equipamentos.webp","type":"image\/webp"}],"author":"admin","twitter_card":"summary_large_image","twitter_misc":{"Escrito por":"admin","Est. tempo de leitura":"3 minutos"},"schema":{"@context":"https:\/\/schema.org","@graph":[{"@type":"Article","@id":"https:\/\/nigroequipamentos.com.br\/conteudo\/ferramenta-poderosa-no-armazem-conheca-a-empilhadeira-retratil-de-alta-capacidade-em-recife\/#article","isPartOf":{"@id":"https:\/\/nigroequipamentos.com.br\/conteudo\/ferramenta-poderosa-no-armazem-conheca-a-empilhadeira-retratil-de-alta-capacidade-em-recife\/"},"author":{"name":"admin","@id":"https:\/\/nigroequipamentos.com.br\/conteudo\/#\/schema\/person\/fcea30745d02308eb99e98a355ab1ca7"},"headline":"Ferramenta Poderosa no Armaz\u00e9m: Conhe\u00e7a a Empilhadeira Retr\u00e1til de Alta Capacidade em Recife","datePublished":"2026-04-24T09:01:01+00:00","dateModified":"2026-04-24T09:01:01+00:00","mainEntityOfPage":{"@id":"https:\/\/nigroequipamentos.com.br\/conteudo\/ferramenta-poderosa-no-armazem-conheca-a-empilhadeira-retratil-de-alta-capacidade-em-recife\/"},"wordCount":598,"publisher":{"@id":"https:\/\/nigroequipamentos.com.br\/conteudo\/#organization"},"image":{"@id":"https:\/\/nigroequipamentos.com.br\/conteudo\/ferramenta-poderosa-no-armazem-conheca-a-empilhadeira-retratil-de-alta-capacidade-em-recife\/#primaryimage"},"thumbnailUrl":"https:\/\/nigroequipamentos.com.br\/conteudo\/wp-content\/uploads\/2024\/10\/nigro-equipamentos.webp","articleSection":["Recife"],"inLanguage":"pt-BR"},{"@type":"WebPage","@id":"https:\/\/nigroequipamentos.com.br\/conteudo\/ferramenta-poderosa-no-armazem-conheca-a-empilhadeira-retratil-de-alta-capacidade-em-recife\/","url":"https:\/\/nigroequipamentos.com.br\/conteudo\/ferramenta-poderosa-no-armazem-conheca-a-empilhadeira-retratil-de-alta-capacidade-em-recife\/","name":"Empilhadeira Retr\u00e1til Alta Capacidade em Recife: Solu\u00e7\u00f5es da Nigro Equipamentos","isPartOf":{"@id":"https:\/\/nigroequipamentos.com.br\/conteudo\/#website"},"primaryImageOfPage":{"@id":"https:\/\/nigroequipamentos.com.br\/conteudo\/ferramenta-poderosa-no-armazem-conheca-a-empilhadeira-retratil-de-alta-capacidade-em-recife\/#primaryimage"},"image":{"@id":"https:\/\/nigroequipamentos.com.br\/conteudo\/ferramenta-poderosa-no-armazem-conheca-a-empilhadeira-retratil-de-alta-capacidade-em-recife\/#primaryimage"},"thumbnailUrl":"https:\/\/nigroequipamentos.com.br\/conteudo\/wp-content\/uploads\/2024\/10\/nigro-equipamentos.webp","datePublished":"2026-04-24T09:01:01+00:00","dateModified":"2026-04-24T09:01:01+00:00","description":"Descubra tudo sobre a empilhadeira retr\u00e1til de alta capacidade em Recife e como a Nigro Equipamentos pode auxiliar sua opera\u00e7\u00e3o com solu\u00e7\u00f5es completas e eficazes.","breadcrumb":{"@id":"https:\/\/nigroequipamentos.com.br\/conteudo\/ferramenta-poderosa-no-armazem-conheca-a-empilhadeira-retratil-de-alta-capacidade-em-recife\/#breadcrumb"},"inLanguage":"pt-BR","potentialAction":[{"@type":"ReadAction","target":["https:\/\/nigroequipamentos.com.br\/conteudo\/ferramenta-poderosa-no-armazem-conheca-a-empilhadeira-retratil-de-alta-capacidade-em-recife\/"]}]},{"@type":"ImageObject","inLanguage":"pt-BR","@id":"https:\/\/nigroequipamentos.com.br\/conteudo\/ferramenta-poderosa-no-armazem-conheca-a-empilhadeira-retratil-de-alta-capacidade-em-recife\/#primaryimage","url":"https:\/\/nigroequipamentos.com.br\/conteudo\/wp-content\/uploads\/2024\/10\/nigro-equipamentos.webp","contentUrl":"https:\/\/nigroequipamentos.com.br\/conteudo\/wp-content\/uploads\/2024\/10\/nigro-equipamentos.webp","width":1200,"height":678},{"@type":"BreadcrumbList","@id":"https:\/\/nigroequipamentos.com.br\/conteudo\/ferramenta-poderosa-no-armazem-conheca-a-empilhadeira-retratil-de-alta-capacidade-em-recife\/#breadcrumb","itemListElement":[{"@type":"ListItem","position":1,"name":"In\u00edcio","item":"https:\/\/nigroequipamentos.com.br\/conteudo\/"},{"@type":"ListItem","position":2,"name":"Ferramenta Poderosa no Armaz\u00e9m: Conhe\u00e7a a Empilhadeira Retr\u00e1til de Alta Capacidade em Recife"}]},{"@type":"WebSite","@id":"https:\/\/nigroequipamentos.com.br\/conteudo\/#website","url":"https:\/\/nigroequipamentos.com.br\/conteudo\/","name":"Nigro Equipamentos","description":"Loca\u00e7\u00e3o e Vendas","publisher":{"@id":"https:\/\/nigroequipamentos.com.br\/conteudo\/#organization"},"potentialAction":[{"@type":"SearchAction","target":{"@type":"EntryPoint","urlTemplate":"https:\/\/nigroequipamentos.com.br\/conteudo\/?s={search_term_string}"},"query-input":{"@type":"PropertyValueSpecification","valueRequired":true,"valueName":"search_term_string"}}],"inLanguage":"pt-BR"},{"@type":"Organization","@id":"https:\/\/nigroequipamentos.com.br\/conteudo\/#organization","name":"Nigro Equipamentos","url":"https:\/\/nigroequipamentos.com.br\/conteudo\/","logo":{"@type":"ImageObject","inLanguage":"pt-BR","@id":"https:\/\/nigroequipamentos.com.br\/conteudo\/#\/schema\/logo\/image\/","url":"https:\/\/nigroequipamentos.com.br\/conteudo\/wp-content\/uploads\/2024\/10\/nigroequipamentos_logo.webp","contentUrl":"https:\/\/nigroequipamentos.com.br\/conteudo\/wp-content\/uploads\/2024\/10\/nigroequipamentos_logo.webp","width":785,"height":355,"caption":"Nigro Equipamentos"},"image":{"@id":"https:\/\/nigroequipamentos.com.br\/conteudo\/#\/schema\/logo\/image\/"},"sameAs":["https:\/\/www.facebook.com\/nigroequipamentos","https:\/\/www.instagram.com\/nigroequipamentos\/"]},{"@type":"Person","@id":"https:\/\/nigroequipamentos.com.br\/conteudo\/#\/schema\/person\/fcea30745d02308eb99e98a355ab1ca7","name":"admin","image":{"@type":"ImageObject","inLanguage":"pt-BR","@id":"https:\/\/nigroequipamentos.com.br\/conteudo\/#\/schema\/person\/image\/","url":"https:\/\/secure.gravatar.com\/avatar\/8e1e805e3c53d28d73ab302708d1c1b7?s=96&d=mm&r=g","contentUrl":"https:\/\/secure.gravatar.com\/avatar\/8e1e805e3c53d28d73ab302708d1c1b7?s=96&d=mm&r=g","caption":"admin"},"sameAs":["https:\/\/nigroequipamentos.com.br\/conteudo"],"url":"https:\/\/nigroequipamentos.com.br\/conteudo\/author\/admin\/"}]}},"_links":{"self":[{"href":"https:\/\/nigroequipamentos.com.br\/conteudo\/wp-json\/wp\/v2\/posts\/105267","targetHints":{"allow":["GET"]}}],"collection":[{"href":"https:\/\/nigroequipamentos.com.br\/conteudo\/wp-json\/wp\/v2\/posts"}],"about":[{"href":"https:\/\/nigroequipamentos.com.br\/conteudo\/wp-json\/wp\/v2\/types\/post"}],"author":[{"embeddable":true,"href":"https:\/\/nigroequipamentos.com.br\/conteudo\/wp-json\/wp\/v2\/users\/1"}],"replies":[{"embeddable":true,"href":"https:\/\/nigroequipamentos.com.br\/conteudo\/wp-json\/wp\/v2\/comments?post=105267"}],"version-history":[{"count":0,"href":"https:\/\/nigroequipamentos.com.br\/conteudo\/wp-json\/wp\/v2\/posts\/105267\/revisions"}],"wp:featuredmedia":[{"embeddable":true,"href":"https:\/\/nigroequipamentos.com.br\/conteudo\/wp-json\/wp\/v2\/media\/17"}],"wp:attachment":[{"href":"https:\/\/nigroequipamentos.com.br\/conteudo\/wp-json\/wp\/v2\/media?parent=105267"}],"wp:term":[{"taxonomy":"category","embeddable":true,"href":"https:\/\/nigroequipamentos.com.br\/conteudo\/wp-json\/wp\/v2\/categories?post=105267"},{"taxonomy":"post_tag","embeddable":true,"href":"https:\/\/nigroequipamentos.com.br\/conteudo\/wp-json\/wp\/v2\/tags?post=105267"}],"curies":[{"name":"wp","href":"https:\/\/api.w.org\/{rel}","templated":true}]}}