{"id":1003,"date":"2024-10-30T21:11:15","date_gmt":"2024-10-31T00:11:15","guid":{"rendered":"https:\/\/nigroequipamentos.com.br\/conteudo\/empilhadeira-retratil-paletrans-a-solucao-acessivel-para-sua-logistica\/"},"modified":"2024-10-30T21:11:15","modified_gmt":"2024-10-31T00:11:15","slug":"empilhadeira-retratil-paletrans-a-solucao-acessivel-para-sua-logistica","status":"publish","type":"post","link":"https:\/\/nigroequipamentos.com.br\/conteudo\/empilhadeira-retratil-paletrans-a-solucao-acessivel-para-sua-logistica\/","title":{"rendered":"Empilhadeira Retr\u00e1til Paletrans: A Solu\u00e7\u00e3o Acess\u00edvel para Sua Log\u00edstica"},"content":{"rendered":"<p><strong>Introdu\u00e7\u00e3o ao Mundo das Empilhadeiras Retr\u00e1teis<\/strong><\/p>\n<p>As empilhadeiras retr\u00e1teis se tornaram uma ferramenta essencial para otimiza\u00e7\u00e3o de espa\u00e7os e efici\u00eancia em armaz\u00e9ns e centros de distribui\u00e7\u00e3o. Entre as op\u00e7\u00f5es dispon\u00edveis no mercado, a empilhadeira retr\u00e1til Paletrans se destaca por sua acessibilidade e capacidade de atender \u00e0s necessidades de diversos setores. Neste artigo, vamos explorar os benef\u00edcios da Paletrans, seu custo acess\u00edvel e a import\u00e2ncia de contar com um fornecedor confi\u00e1vel como a Nigro Equipamentos.<\/p>\n<p><strong>Por Que Escolher a Empilhadeira Retr\u00e1til Paletrans?<\/strong><\/p>\n<p>A empilhadeira retr\u00e1til Paletrans \u00e9 ideal para quem busca uma m\u00e1quina que combine efici\u00eancia e economia. O design compacto permite o manuseio em corredores estreitos, maximizando o uso do espa\u00e7o. Al\u00e9m disso, sua capacidade de eleva\u00e7\u00e3o e agilidade no transporte de cargas a tornam uma escolha preferencial para opera\u00e7\u00f5es em que espa\u00e7o e tempo s\u00e3o cr\u00edticos.<\/p>\n<p>Com um pre\u00e7o acess\u00edvel, a Paletrans se torna uma solu\u00e7\u00e3o vi\u00e1vel para pequenas e m\u00e9dias empresas que n\u00e3o querem comprometer a qualidade de seus equipamentos. Isso possibilita a atualiza\u00e7\u00e3o do parque de equipamentos sem um grande investimento inicial, permitindo assim uma melhor gest\u00e3o dos recursos financeiros.<\/p>\n<p><strong>Custo-Benef\u00edcio: Um Investimento Inteligente<\/strong><\/p>\n<p>Quando falamos em custo, \u00e9 importante considerar n\u00e3o apenas o pre\u00e7o de aquisi\u00e7\u00e3o, mas tamb\u00e9m o retorno sobre o investimento. A empilhadeira retr\u00e1til Paletrans, al\u00e9m de ser acess\u00edvel, oferece um baixo custo de manuten\u00e7\u00e3o e opera\u00e7\u00e3o. Isso se deve ao seu eficiente sistema de trabalho que minimiza o desgaste e os custos com pe\u00e7as de reposi\u00e7\u00e3o.<\/p>\n<p>Outra vantagem \u00e9 a efici\u00eancia energ\u00e9tica do equipamento, que resulta em menores gastos com combust\u00edvel ou eletricidade, dependendo do modelo escolhido. Certamente, esses fatores tornam a Paletrans uma op\u00e7\u00e3o atraente para aqueles que desejam otimizar a sua opera\u00e7\u00e3o log\u00edstica.<\/p>\n<p><strong>Exemplos na Pr\u00e1tica e Recomenda\u00e7\u00f5es<\/strong><\/p>\n<p>Empresas do setor alimentar, de vestu\u00e1rio e at\u00e9 de m\u00f3veis t\u00eam encontrado na empilhadeira retr\u00e1til Paletrans a solu\u00e7\u00e3o perfeita para suas necessidades. Um armaz\u00e9m de alimentos congelados, por exemplo, utiliza a Paletrans para transportar pallets de produtos em temperaturas controladas, garantindo efici\u00eancia na movimenta\u00e7\u00e3o e seguran\u00e7a durante o transporte.<\/p>\n<p>\u00c9 recomend\u00e1vel que as empresas que buscam uma empilhadeira retr\u00e1til considerem fatores como a frequ\u00eancia de uso, o tipo de carga e o espa\u00e7o dispon\u00edvel. Essa an\u00e1lise ajudar\u00e1 na escolha do modelo ideal, garantindo assim a m\u00e1xima efici\u00eancia operacional.<\/p>\n<p><strong>Nigro Equipamentos: Sua Parceira na Compra e Loca\u00e7\u00e3o de Empilhadeiras<\/strong><\/p>\n<p>Ao pensar na aquisi\u00e7\u00e3o ou loca\u00e7\u00e3o de uma empilhadeira retr\u00e1til, \u00e9 fundamental contar com um fornecedor confi\u00e1vel e experiente. A Nigro Equipamentos se destaca nesse cen\u00e1rio ao oferecer uma gama completa de solu\u00e7\u00f5es em equipamentos de movimenta\u00e7\u00e3o de cargas.<\/p>\n<p>Nosso compromisso \u00e9 fornecer n\u00e3o apenas as m\u00e1quinas, mas tamb\u00e9m o suporte necess\u00e1rio para que nossos clientes possam operar com seguran\u00e7a e efici\u00eancia. Seja na venda ou na loca\u00e7\u00e3o, a Nigro Equipamentos est\u00e1 sempre pronta para atender as demandas do seu neg\u00f3cio, oferecendo condi\u00e7\u00f5es competitivas e um atendimento personalizado. Confie em n\u00f3s para transformar sua log\u00edstica e elevar a efici\u00eancia de sua opera\u00e7\u00e3o.<\/p>\n<p><strong>Considera\u00e7\u00f5es Finais<\/strong><\/p>\n<p>Optar pela empilhadeira retr\u00e1til Paletrans \u00e9 fazer uma escolha inteligente que representa qualidade, efici\u00eancia e economia. A Nigro Equipamentos est\u00e1 aqui para ajudar voc\u00ea a alcan\u00e7ar seus objetivos log\u00edsticos com um servi\u00e7o completo e hol\u00edstico. Entre em contato e conhe\u00e7a nossas op\u00e7\u00f5es de venda e loca\u00e7\u00e3o. Juntos podemos elevar sua opera\u00e7\u00e3o a novos patamares! <BR><BR><br \/>\n________________________<\/p>\n<p><BR><BR><\/p>\n<p>Este conte\u00fado foi desenvolvido pela ag\u00eancia especialista em SEO <a href=\"https:\/\/elevenmind.com.br\/\" target=\"_blank\" rel=\"noopener\">Elevenmind<\/a><\/p>\n","protected":false},"excerpt":{"rendered":"<p>Introdu\u00e7\u00e3o ao Mundo das Empilhadeiras Retr\u00e1teis As empilhadeiras retr\u00e1teis se tornaram uma ferramenta essencial para otimiza\u00e7\u00e3o de espa\u00e7os e efici\u00eancia em armaz\u00e9ns e centros de distribui\u00e7\u00e3o. Entre as op\u00e7\u00f5es dispon\u00edveis no mercado, a empilhadeira retr\u00e1til Paletrans se destaca por sua acessibilidade e capacidade de atender \u00e0s necessidades de diversos setores. Neste artigo, vamos explorar os&hellip;&nbsp;<a href=\"https:\/\/nigroequipamentos.com.br\/conteudo\/empilhadeira-retratil-paletrans-a-solucao-acessivel-para-sua-logistica\/\" class=\"\" rel=\"bookmark\">Continue a ler &raquo;<span class=\"screen-reader-text\">Empilhadeira Retr\u00e1til Paletrans: A Solu\u00e7\u00e3o Acess\u00edvel para Sua Log\u00edstica<\/span><\/a><\/p>\n","protected":false},"author":1,"featured_media":17,"comment_status":"","ping_status":"open","sticky":false,"template":"","format":"standard","meta":{"_acf_changed":false,"_yoast_wpseo_focuskw":"Empilhadeira retr\u00e1til Paletrans pre\u00e7o acess\u00edvel","_yoast_wpseo_title":"Empilhadeira Retr\u00e1til Paletrans: A Melhor Op\u00e7\u00e3o Acess\u00edvel Para Sua Log\u00edstica","_yoast_wpseo_metadesc":"Descubra os benef\u00edcios da empilhadeira retr\u00e1til Paletrans e como ela pode ser a solu\u00e7\u00e3o acess\u00edvel que sua empresa precisa para otimizar a log\u00edstica. Conhe\u00e7a a Nigro Equipamentos.","neve_meta_sidebar":"","neve_meta_container":"","neve_meta_enable_content_width":"","neve_meta_content_width":0,"neve_meta_title_alignment":"","neve_meta_author_avatar":"","neve_post_elements_order":"","neve_meta_disable_header":"","neve_meta_disable_footer":"","neve_meta_disable_title":"","footnotes":""},"categories":[6],"tags":[],"class_list":["post-1003","post","type-post","status-publish","format-standard","has-post-thumbnail","hentry","category-paletrans"],"acf":[],"yoast_head":"<!-- This site is optimized with the Yoast SEO Premium plugin v18.3 (Yoast SEO v23.4) - https:\/\/yoast.com\/wordpress\/plugins\/seo\/ -->\n<title>Empilhadeira Retr\u00e1til Paletrans: A Melhor Op\u00e7\u00e3o Acess\u00edvel Para Sua Log\u00edstica<\/title>\n<meta name=\"description\" content=\"Descubra os benef\u00edcios da empilhadeira retr\u00e1til Paletrans e como ela pode ser a solu\u00e7\u00e3o acess\u00edvel que sua empresa precisa para otimizar a log\u00edstica. Conhe\u00e7a a Nigro Equipamentos.\" \/>\n<meta name=\"robots\" content=\"index, follow, max-snippet:-1, max-image-preview:large, max-video-preview:-1\" \/>\n<link rel=\"canonical\" href=\"https:\/\/nigroequipamentos.com.br\/conteudo\/empilhadeira-retratil-paletrans-a-solucao-acessivel-para-sua-logistica\/\" \/>\n<meta property=\"og:locale\" content=\"pt_BR\" \/>\n<meta property=\"og:type\" content=\"article\" \/>\n<meta property=\"og:title\" content=\"Empilhadeira Retr\u00e1til Paletrans: A Solu\u00e7\u00e3o Acess\u00edvel para Sua Log\u00edstica\" \/>\n<meta property=\"og:description\" content=\"Descubra os benef\u00edcios da empilhadeira retr\u00e1til Paletrans e como ela pode ser a solu\u00e7\u00e3o acess\u00edvel que sua empresa precisa para otimizar a log\u00edstica. Conhe\u00e7a a Nigro Equipamentos.\" \/>\n<meta property=\"og:url\" content=\"https:\/\/nigroequipamentos.com.br\/conteudo\/empilhadeira-retratil-paletrans-a-solucao-acessivel-para-sua-logistica\/\" \/>\n<meta property=\"og:site_name\" content=\"Nigro Equipamentos\" \/>\n<meta property=\"article:publisher\" content=\"https:\/\/www.facebook.com\/nigroequipamentos\" \/>\n<meta property=\"article:published_time\" content=\"2024-10-31T00:11:15+00:00\" \/>\n<meta property=\"og:image\" content=\"https:\/\/nigroequipamentos.com.br\/conteudo\/wp-content\/uploads\/2024\/10\/nigro-equipamentos.webp\" \/>\n\t<meta property=\"og:image:width\" content=\"1200\" \/>\n\t<meta property=\"og:image:height\" content=\"678\" \/>\n\t<meta property=\"og:image:type\" content=\"image\/webp\" \/>\n<meta name=\"author\" content=\"admin\" \/>\n<meta name=\"twitter:card\" content=\"summary_large_image\" \/>\n<meta name=\"twitter:label1\" content=\"Escrito por\" \/>\n\t<meta name=\"twitter:data1\" content=\"admin\" \/>\n\t<meta name=\"twitter:label2\" content=\"Est. tempo de leitura\" \/>\n\t<meta name=\"twitter:data2\" content=\"3 minutos\" \/>\n<script type=\"application\/ld+json\" class=\"yoast-schema-graph\">{\"@context\":\"https:\/\/schema.org\",\"@graph\":[{\"@type\":\"Article\",\"@id\":\"https:\/\/nigroequipamentos.com.br\/conteudo\/empilhadeira-retratil-paletrans-a-solucao-acessivel-para-sua-logistica\/#article\",\"isPartOf\":{\"@id\":\"https:\/\/nigroequipamentos.com.br\/conteudo\/empilhadeira-retratil-paletrans-a-solucao-acessivel-para-sua-logistica\/\"},\"author\":{\"name\":\"admin\",\"@id\":\"https:\/\/nigroequipamentos.com.br\/conteudo\/#\/schema\/person\/fcea30745d02308eb99e98a355ab1ca7\"},\"headline\":\"Empilhadeira Retr\u00e1til Paletrans: A Solu\u00e7\u00e3o Acess\u00edvel para Sua Log\u00edstica\",\"datePublished\":\"2024-10-31T00:11:15+00:00\",\"dateModified\":\"2024-10-31T00:11:15+00:00\",\"mainEntityOfPage\":{\"@id\":\"https:\/\/nigroequipamentos.com.br\/conteudo\/empilhadeira-retratil-paletrans-a-solucao-acessivel-para-sua-logistica\/\"},\"wordCount\":664,\"publisher\":{\"@id\":\"https:\/\/nigroequipamentos.com.br\/conteudo\/#organization\"},\"image\":{\"@id\":\"https:\/\/nigroequipamentos.com.br\/conteudo\/empilhadeira-retratil-paletrans-a-solucao-acessivel-para-sua-logistica\/#primaryimage\"},\"thumbnailUrl\":\"https:\/\/nigroequipamentos.com.br\/conteudo\/wp-content\/uploads\/2024\/10\/nigro-equipamentos.webp\",\"articleSection\":[\"Paletrans\"],\"inLanguage\":\"pt-BR\"},{\"@type\":\"WebPage\",\"@id\":\"https:\/\/nigroequipamentos.com.br\/conteudo\/empilhadeira-retratil-paletrans-a-solucao-acessivel-para-sua-logistica\/\",\"url\":\"https:\/\/nigroequipamentos.com.br\/conteudo\/empilhadeira-retratil-paletrans-a-solucao-acessivel-para-sua-logistica\/\",\"name\":\"Empilhadeira Retr\u00e1til Paletrans: A Melhor Op\u00e7\u00e3o Acess\u00edvel Para Sua Log\u00edstica\",\"isPartOf\":{\"@id\":\"https:\/\/nigroequipamentos.com.br\/conteudo\/#website\"},\"primaryImageOfPage\":{\"@id\":\"https:\/\/nigroequipamentos.com.br\/conteudo\/empilhadeira-retratil-paletrans-a-solucao-acessivel-para-sua-logistica\/#primaryimage\"},\"image\":{\"@id\":\"https:\/\/nigroequipamentos.com.br\/conteudo\/empilhadeira-retratil-paletrans-a-solucao-acessivel-para-sua-logistica\/#primaryimage\"},\"thumbnailUrl\":\"https:\/\/nigroequipamentos.com.br\/conteudo\/wp-content\/uploads\/2024\/10\/nigro-equipamentos.webp\",\"datePublished\":\"2024-10-31T00:11:15+00:00\",\"dateModified\":\"2024-10-31T00:11:15+00:00\",\"description\":\"Descubra os benef\u00edcios da empilhadeira retr\u00e1til Paletrans e como ela pode ser a solu\u00e7\u00e3o acess\u00edvel que sua empresa precisa para otimizar a log\u00edstica. Conhe\u00e7a a Nigro Equipamentos.\",\"breadcrumb\":{\"@id\":\"https:\/\/nigroequipamentos.com.br\/conteudo\/empilhadeira-retratil-paletrans-a-solucao-acessivel-para-sua-logistica\/#breadcrumb\"},\"inLanguage\":\"pt-BR\",\"potentialAction\":[{\"@type\":\"ReadAction\",\"target\":[\"https:\/\/nigroequipamentos.com.br\/conteudo\/empilhadeira-retratil-paletrans-a-solucao-acessivel-para-sua-logistica\/\"]}]},{\"@type\":\"ImageObject\",\"inLanguage\":\"pt-BR\",\"@id\":\"https:\/\/nigroequipamentos.com.br\/conteudo\/empilhadeira-retratil-paletrans-a-solucao-acessivel-para-sua-logistica\/#primaryimage\",\"url\":\"https:\/\/nigroequipamentos.com.br\/conteudo\/wp-content\/uploads\/2024\/10\/nigro-equipamentos.webp\",\"contentUrl\":\"https:\/\/nigroequipamentos.com.br\/conteudo\/wp-content\/uploads\/2024\/10\/nigro-equipamentos.webp\",\"width\":1200,\"height\":678},{\"@type\":\"BreadcrumbList\",\"@id\":\"https:\/\/nigroequipamentos.com.br\/conteudo\/empilhadeira-retratil-paletrans-a-solucao-acessivel-para-sua-logistica\/#breadcrumb\",\"itemListElement\":[{\"@type\":\"ListItem\",\"position\":1,\"name\":\"In\u00edcio\",\"item\":\"https:\/\/nigroequipamentos.com.br\/conteudo\/\"},{\"@type\":\"ListItem\",\"position\":2,\"name\":\"Empilhadeira Retr\u00e1til Paletrans: A Solu\u00e7\u00e3o Acess\u00edvel para Sua Log\u00edstica\"}]},{\"@type\":\"WebSite\",\"@id\":\"https:\/\/nigroequipamentos.com.br\/conteudo\/#website\",\"url\":\"https:\/\/nigroequipamentos.com.br\/conteudo\/\",\"name\":\"Nigro Equipamentos\",\"description\":\"Loca\u00e7\u00e3o e Vendas\",\"publisher\":{\"@id\":\"https:\/\/nigroequipamentos.com.br\/conteudo\/#organization\"},\"potentialAction\":[{\"@type\":\"SearchAction\",\"target\":{\"@type\":\"EntryPoint\",\"urlTemplate\":\"https:\/\/nigroequipamentos.com.br\/conteudo\/?s={search_term_string}\"},\"query-input\":{\"@type\":\"PropertyValueSpecification\",\"valueRequired\":true,\"valueName\":\"search_term_string\"}}],\"inLanguage\":\"pt-BR\"},{\"@type\":\"Organization\",\"@id\":\"https:\/\/nigroequipamentos.com.br\/conteudo\/#organization\",\"name\":\"Nigro Equipamentos\",\"url\":\"https:\/\/nigroequipamentos.com.br\/conteudo\/\",\"logo\":{\"@type\":\"ImageObject\",\"inLanguage\":\"pt-BR\",\"@id\":\"https:\/\/nigroequipamentos.com.br\/conteudo\/#\/schema\/logo\/image\/\",\"url\":\"https:\/\/nigroequipamentos.com.br\/conteudo\/wp-content\/uploads\/2024\/10\/nigroequipamentos_logo.webp\",\"contentUrl\":\"https:\/\/nigroequipamentos.com.br\/conteudo\/wp-content\/uploads\/2024\/10\/nigroequipamentos_logo.webp\",\"width\":785,\"height\":355,\"caption\":\"Nigro Equipamentos\"},\"image\":{\"@id\":\"https:\/\/nigroequipamentos.com.br\/conteudo\/#\/schema\/logo\/image\/\"},\"sameAs\":[\"https:\/\/www.facebook.com\/nigroequipamentos\",\"https:\/\/www.instagram.com\/nigroequipamentos\/\"]},{\"@type\":\"Person\",\"@id\":\"https:\/\/nigroequipamentos.com.br\/conteudo\/#\/schema\/person\/fcea30745d02308eb99e98a355ab1ca7\",\"name\":\"admin\",\"image\":{\"@type\":\"ImageObject\",\"inLanguage\":\"pt-BR\",\"@id\":\"https:\/\/nigroequipamentos.com.br\/conteudo\/#\/schema\/person\/image\/\",\"url\":\"https:\/\/secure.gravatar.com\/avatar\/8e1e805e3c53d28d73ab302708d1c1b7?s=96&d=mm&r=g\",\"contentUrl\":\"https:\/\/secure.gravatar.com\/avatar\/8e1e805e3c53d28d73ab302708d1c1b7?s=96&d=mm&r=g\",\"caption\":\"admin\"},\"sameAs\":[\"https:\/\/nigroequipamentos.com.br\/conteudo\"],\"url\":\"https:\/\/nigroequipamentos.com.br\/conteudo\/author\/admin\/\"}]}<\/script>\n<!-- \/ Yoast SEO Premium plugin. -->","yoast_head_json":{"title":"Empilhadeira Retr\u00e1til Paletrans: A Melhor Op\u00e7\u00e3o Acess\u00edvel Para Sua Log\u00edstica","description":"Descubra os benef\u00edcios da empilhadeira retr\u00e1til Paletrans e como ela pode ser a solu\u00e7\u00e3o acess\u00edvel que sua empresa precisa para otimizar a log\u00edstica. Conhe\u00e7a a Nigro Equipamentos.","robots":{"index":"index","follow":"follow","max-snippet":"max-snippet:-1","max-image-preview":"max-image-preview:large","max-video-preview":"max-video-preview:-1"},"canonical":"https:\/\/nigroequipamentos.com.br\/conteudo\/empilhadeira-retratil-paletrans-a-solucao-acessivel-para-sua-logistica\/","og_locale":"pt_BR","og_type":"article","og_title":"Empilhadeira Retr\u00e1til Paletrans: A Solu\u00e7\u00e3o Acess\u00edvel para Sua Log\u00edstica","og_description":"Descubra os benef\u00edcios da empilhadeira retr\u00e1til Paletrans e como ela pode ser a solu\u00e7\u00e3o acess\u00edvel que sua empresa precisa para otimizar a log\u00edstica. Conhe\u00e7a a Nigro Equipamentos.","og_url":"https:\/\/nigroequipamentos.com.br\/conteudo\/empilhadeira-retratil-paletrans-a-solucao-acessivel-para-sua-logistica\/","og_site_name":"Nigro Equipamentos","article_publisher":"https:\/\/www.facebook.com\/nigroequipamentos","article_published_time":"2024-10-31T00:11:15+00:00","og_image":[{"width":1200,"height":678,"url":"https:\/\/nigroequipamentos.com.br\/conteudo\/wp-content\/uploads\/2024\/10\/nigro-equipamentos.webp","type":"image\/webp"}],"author":"admin","twitter_card":"summary_large_image","twitter_misc":{"Escrito por":"admin","Est. tempo de leitura":"3 minutos"},"schema":{"@context":"https:\/\/schema.org","@graph":[{"@type":"Article","@id":"https:\/\/nigroequipamentos.com.br\/conteudo\/empilhadeira-retratil-paletrans-a-solucao-acessivel-para-sua-logistica\/#article","isPartOf":{"@id":"https:\/\/nigroequipamentos.com.br\/conteudo\/empilhadeira-retratil-paletrans-a-solucao-acessivel-para-sua-logistica\/"},"author":{"name":"admin","@id":"https:\/\/nigroequipamentos.com.br\/conteudo\/#\/schema\/person\/fcea30745d02308eb99e98a355ab1ca7"},"headline":"Empilhadeira Retr\u00e1til Paletrans: A Solu\u00e7\u00e3o Acess\u00edvel para Sua Log\u00edstica","datePublished":"2024-10-31T00:11:15+00:00","dateModified":"2024-10-31T00:11:15+00:00","mainEntityOfPage":{"@id":"https:\/\/nigroequipamentos.com.br\/conteudo\/empilhadeira-retratil-paletrans-a-solucao-acessivel-para-sua-logistica\/"},"wordCount":664,"publisher":{"@id":"https:\/\/nigroequipamentos.com.br\/conteudo\/#organization"},"image":{"@id":"https:\/\/nigroequipamentos.com.br\/conteudo\/empilhadeira-retratil-paletrans-a-solucao-acessivel-para-sua-logistica\/#primaryimage"},"thumbnailUrl":"https:\/\/nigroequipamentos.com.br\/conteudo\/wp-content\/uploads\/2024\/10\/nigro-equipamentos.webp","articleSection":["Paletrans"],"inLanguage":"pt-BR"},{"@type":"WebPage","@id":"https:\/\/nigroequipamentos.com.br\/conteudo\/empilhadeira-retratil-paletrans-a-solucao-acessivel-para-sua-logistica\/","url":"https:\/\/nigroequipamentos.com.br\/conteudo\/empilhadeira-retratil-paletrans-a-solucao-acessivel-para-sua-logistica\/","name":"Empilhadeira Retr\u00e1til Paletrans: A Melhor Op\u00e7\u00e3o Acess\u00edvel Para Sua Log\u00edstica","isPartOf":{"@id":"https:\/\/nigroequipamentos.com.br\/conteudo\/#website"},"primaryImageOfPage":{"@id":"https:\/\/nigroequipamentos.com.br\/conteudo\/empilhadeira-retratil-paletrans-a-solucao-acessivel-para-sua-logistica\/#primaryimage"},"image":{"@id":"https:\/\/nigroequipamentos.com.br\/conteudo\/empilhadeira-retratil-paletrans-a-solucao-acessivel-para-sua-logistica\/#primaryimage"},"thumbnailUrl":"https:\/\/nigroequipamentos.com.br\/conteudo\/wp-content\/uploads\/2024\/10\/nigro-equipamentos.webp","datePublished":"2024-10-31T00:11:15+00:00","dateModified":"2024-10-31T00:11:15+00:00","description":"Descubra os benef\u00edcios da empilhadeira retr\u00e1til Paletrans e como ela pode ser a solu\u00e7\u00e3o acess\u00edvel que sua empresa precisa para otimizar a log\u00edstica. Conhe\u00e7a a Nigro Equipamentos.","breadcrumb":{"@id":"https:\/\/nigroequipamentos.com.br\/conteudo\/empilhadeira-retratil-paletrans-a-solucao-acessivel-para-sua-logistica\/#breadcrumb"},"inLanguage":"pt-BR","potentialAction":[{"@type":"ReadAction","target":["https:\/\/nigroequipamentos.com.br\/conteudo\/empilhadeira-retratil-paletrans-a-solucao-acessivel-para-sua-logistica\/"]}]},{"@type":"ImageObject","inLanguage":"pt-BR","@id":"https:\/\/nigroequipamentos.com.br\/conteudo\/empilhadeira-retratil-paletrans-a-solucao-acessivel-para-sua-logistica\/#primaryimage","url":"https:\/\/nigroequipamentos.com.br\/conteudo\/wp-content\/uploads\/2024\/10\/nigro-equipamentos.webp","contentUrl":"https:\/\/nigroequipamentos.com.br\/conteudo\/wp-content\/uploads\/2024\/10\/nigro-equipamentos.webp","width":1200,"height":678},{"@type":"BreadcrumbList","@id":"https:\/\/nigroequipamentos.com.br\/conteudo\/empilhadeira-retratil-paletrans-a-solucao-acessivel-para-sua-logistica\/#breadcrumb","itemListElement":[{"@type":"ListItem","position":1,"name":"In\u00edcio","item":"https:\/\/nigroequipamentos.com.br\/conteudo\/"},{"@type":"ListItem","position":2,"name":"Empilhadeira Retr\u00e1til Paletrans: A Solu\u00e7\u00e3o Acess\u00edvel para Sua Log\u00edstica"}]},{"@type":"WebSite","@id":"https:\/\/nigroequipamentos.com.br\/conteudo\/#website","url":"https:\/\/nigroequipamentos.com.br\/conteudo\/","name":"Nigro Equipamentos","description":"Loca\u00e7\u00e3o e Vendas","publisher":{"@id":"https:\/\/nigroequipamentos.com.br\/conteudo\/#organization"},"potentialAction":[{"@type":"SearchAction","target":{"@type":"EntryPoint","urlTemplate":"https:\/\/nigroequipamentos.com.br\/conteudo\/?s={search_term_string}"},"query-input":{"@type":"PropertyValueSpecification","valueRequired":true,"valueName":"search_term_string"}}],"inLanguage":"pt-BR"},{"@type":"Organization","@id":"https:\/\/nigroequipamentos.com.br\/conteudo\/#organization","name":"Nigro Equipamentos","url":"https:\/\/nigroequipamentos.com.br\/conteudo\/","logo":{"@type":"ImageObject","inLanguage":"pt-BR","@id":"https:\/\/nigroequipamentos.com.br\/conteudo\/#\/schema\/logo\/image\/","url":"https:\/\/nigroequipamentos.com.br\/conteudo\/wp-content\/uploads\/2024\/10\/nigroequipamentos_logo.webp","contentUrl":"https:\/\/nigroequipamentos.com.br\/conteudo\/wp-content\/uploads\/2024\/10\/nigroequipamentos_logo.webp","width":785,"height":355,"caption":"Nigro Equipamentos"},"image":{"@id":"https:\/\/nigroequipamentos.com.br\/conteudo\/#\/schema\/logo\/image\/"},"sameAs":["https:\/\/www.facebook.com\/nigroequipamentos","https:\/\/www.instagram.com\/nigroequipamentos\/"]},{"@type":"Person","@id":"https:\/\/nigroequipamentos.com.br\/conteudo\/#\/schema\/person\/fcea30745d02308eb99e98a355ab1ca7","name":"admin","image":{"@type":"ImageObject","inLanguage":"pt-BR","@id":"https:\/\/nigroequipamentos.com.br\/conteudo\/#\/schema\/person\/image\/","url":"https:\/\/secure.gravatar.com\/avatar\/8e1e805e3c53d28d73ab302708d1c1b7?s=96&d=mm&r=g","contentUrl":"https:\/\/secure.gravatar.com\/avatar\/8e1e805e3c53d28d73ab302708d1c1b7?s=96&d=mm&r=g","caption":"admin"},"sameAs":["https:\/\/nigroequipamentos.com.br\/conteudo"],"url":"https:\/\/nigroequipamentos.com.br\/conteudo\/author\/admin\/"}]}},"_links":{"self":[{"href":"https:\/\/nigroequipamentos.com.br\/conteudo\/wp-json\/wp\/v2\/posts\/1003","targetHints":{"allow":["GET"]}}],"collection":[{"href":"https:\/\/nigroequipamentos.com.br\/conteudo\/wp-json\/wp\/v2\/posts"}],"about":[{"href":"https:\/\/nigroequipamentos.com.br\/conteudo\/wp-json\/wp\/v2\/types\/post"}],"author":[{"embeddable":true,"href":"https:\/\/nigroequipamentos.com.br\/conteudo\/wp-json\/wp\/v2\/users\/1"}],"replies":[{"embeddable":true,"href":"https:\/\/nigroequipamentos.com.br\/conteudo\/wp-json\/wp\/v2\/comments?post=1003"}],"version-history":[{"count":0,"href":"https:\/\/nigroequipamentos.com.br\/conteudo\/wp-json\/wp\/v2\/posts\/1003\/revisions"}],"wp:featuredmedia":[{"embeddable":true,"href":"https:\/\/nigroequipamentos.com.br\/conteudo\/wp-json\/wp\/v2\/media\/17"}],"wp:attachment":[{"href":"https:\/\/nigroequipamentos.com.br\/conteudo\/wp-json\/wp\/v2\/media?parent=1003"}],"wp:term":[{"taxonomy":"category","embeddable":true,"href":"https:\/\/nigroequipamentos.com.br\/conteudo\/wp-json\/wp\/v2\/categories?post=1003"},{"taxonomy":"post_tag","embeddable":true,"href":"https:\/\/nigroequipamentos.com.br\/conteudo\/wp-json\/wp\/v2\/tags?post=1003"}],"curies":[{"name":"wp","href":"https:\/\/api.w.org\/{rel}","templated":true}]}}